{"id":29135,"date":"2020-09-18T11:40:17","date_gmt":"2020-09-18T09:40:17","guid":{"rendered":"https:\/\/www.microsoft.com\/de-de\/industry\/blog\/?p=29135"},"modified":"2021-03-16T10:14:46","modified_gmt":"2021-03-16T08:14:46","slug":"microsoft-envision-education","status":"publish","type":"post","link":"https:\/\/www.microsoft.com\/de-de\/industry\/blog\/education\/2020\/09\/18\/microsoft-envision-education\/","title":{"rendered":"Microsoft Envision Education am 5. November"},"content":{"rendered":"<h1>Microsoft EnvisionEd am 5. November \u2013 jetzt Ticket sichern<\/h1>\n<p>Am 5. November dreht sich alles um die Zukunft der Bildung \u2013 die virtuelle Konferenz Microsoft Envision Education findet von 14 bis 18.30 Uhr statt. Mit dabei sind \u00fcber 30 CIOs, renommierte Bildungsexpertinnen und \u2013experten sowie Vision\u00e4rinnen und Vision\u00e4re aus Schulen und Hochschulen. In Vortr\u00e4gen und Diskussionen gibt es auf f\u00fcnf verschiedenen virtuellen B\u00fchnen Input und Austausch zum Lehren und Lernen des 21. Jahrhunderts.<\/p>\n<p>&nbsp;<\/p>\n<h2>Von der Fehlerkultur \u00fcber die Disruption bis zum kollaborativen Lernen<\/h2>\n<p>Die Konferenz startet um 14 Uhr mit einer Begr\u00fc\u00dfung durch Michael Wittel und Barbara Holzapfel von Microsoft. Das Programm er\u00f6ffnet dann Prof. Dr. Kerstin Mayrberger, Professorin der Mediendidaktik von der Universit\u00e4t Hamburg, mit ihrer Keynote \u201eAgile Educational Leadership\u201c. Nach der Opening Keynote haben Sie die M\u00f6glichkeit, an einer von drei parallel stattfindenden Keynotes teilzunehmen. Um 15.30 beginnen die f\u00fcnf Schwerpunkte der EnvisionEd:<\/p>\n<ul>\n<li>Sozial-emotionales Lernen &amp; Diversit\u00e4t<\/li>\n<li>Lehren und Lernen in der Kultur der Digitalit\u00e4t<\/li>\n<li>Zusammenarbeit &amp; lebenslanges Lernen<\/li>\n<li>F\u00fchrung im Wandel<\/li>\n<li>Moderne IT f\u00fcr zeitgem\u00e4\u00dfe Bildung<\/li>\n<\/ul>\n<p>&nbsp;<\/p>\n<p><img decoding=\"async\" class=\"alignleft\" title=\"\" src=\"https:\/\/www.microsoft.com\/en-us\/industry\/blog\/wp-content\/uploads\/sites\/2\/2020\/09\/Envision_Education_Landing_Page_Banner_1920x300.jpg\" alt=\"Das Logo der EnvisionED Konferent am 5. November 2020\" width=\"1100\" \/><\/p>\n<p>&nbsp;<\/p>\n<p>In den f\u00fcnf Tracks finden jeweils nacheinander vier Sessions statt. Entscheiden Sie sich f\u00fcr einen Schwerpunkt oder stellen Sie sich Ihr individuelles EnvisionEd-Programm zusammen! Suchen Sie sich aus der <a href=\"https:\/\/www.microsoft.com\/de-de\/aktionen\/envisioned\" target=\"_blank\" rel=\"noopener noreferrer\">vollst\u00e4ndigen Agenda<\/a> die Themen aus, die Sie aktuell bewegen, entdecken Sie Probleml\u00f6sungen, lassen Sie sich von Best Practices inspirieren und werfen Sie einen Blick in die Bildung der Zukunft.<\/p>\n<p>&nbsp;<\/p>\n<h2>Was braucht es noch, um \u2026<\/h2>\n<ul>\n<li>eine Lernkultur der Digitalit\u00e4t zu etablieren?<\/li>\n<li>die Unterrichtsentwicklung auf das n\u00e4chste Level zu heben?<\/li>\n<li>aus der Disruption Innovation erwachsen zu lassen?<\/li>\n<\/ul>\n<p>Diese und viele weitere zentrale Fragen der digitalen Transformation, zeitgem\u00e4\u00dfen Bildung und modernen Didaktik kommen auf den virtuellen Tisch. Neben Fachvortr\u00e4gen gibt es aber auch zahlreiche Einblicke in die schulische und universit\u00e4re Praxis: So zeigt Julia Thurner, Lehrerin an der Montessori Schule Herzogenaurach, wie die Kultur der Digitalit\u00e4t an einer Montessori-Schule gelebt wird. Die TU Dresden stellt vor, wie kollaboratives Lernen im virtuellen Raum klappt, und Farina Steinert, Head of Platform Development an der Technischen Hochschule L\u00fcbeck, berichtet vom Aufbau einer landesweiten Qualifizierungsplattform. Henning Mohren, CIO an der Hochschule D\u00fcsseldorf, fragt zurecht \u201eBYOD = Bring Your Own Disaster?\u201c und gibt Tipps f\u00fcr die erfolgreiche Begleitung der Ger\u00e4teausstattung.<\/p>\n<p>&nbsp;<\/p>\n<h2>#EnvisionEd20: Jetzt Teilnahme sichern<\/h2>\n<p>Buchen Sie am besten sofort Ihren virtuellen Sitzplatz f\u00fcr die <a href=\"https:\/\/www.microsoft.com\/de-de\/aktionen\/envisioned\" target=\"_blank\" rel=\"noopener noreferrer\">Microsoft Envision Education am 5. November 2020<\/a> und seien Sie dabei! Hier geht es <a href=\"https:\/\/info.microsoft.com\/DE-DIGTRNS-WBNR-FY21-11Nov-05-MicrosoftEnvisionEducation2020-5341_01Registration-ForminBody.html\" target=\"_blank\" rel=\"noopener noreferrer\">direkt zur Anmeldeseite<\/a>. Die Teilnahme an der virtuellen Konferenz ist kostenfrei.<\/p>\n<p>Lassen Sie uns gemeinsam unter dem Hashtag #EnvisionEd20 Impulse f\u00fcr die Zukunft der Bildung setzen und gemeinsam neue Wege in Praxis und Wissenschaft, P\u00e4dagogik und Didaktik gehen.<\/p>\n<hr style=\"width: 100%;text-align: center;margin-left: 2\" \/>\n<p>Unser\u00a0<strong>Microsoft Education Newsletter\u00a0<\/strong>bringt Ihnen regelm\u00e4\u00dfig die wichtigsten Neuerungen aus Bildung und Forschung direkt in Ihr Postfach.\u00a0<strong><a href=\"https:\/\/customervoice.microsoft.com\/Pages\/ResponsePage.aspx?id=v4j5cvGGr0GRqy180BHbR4qSr9hZCsVOsBWtIcXoyx1UOUtNNVdFNk9PQVRNWkdSUTFCMUdRWEFZWi4u&amp;vt=72f988bf-86f1-41af-91ab-2d7cd011db47_ab034f17-e410-43ef-ad77-5eb501cde205_Hash7_sOKht5XQX2r1xxq8zCopx7upQEUfOkuY4AbOZ8V5mxE%3d&amp;lang=de-DE\" target=\"_blank\" rel=\"noopener noreferrer\">Melden Sie sich jetzt hier an<\/a><\/strong> und verpassen Sie keine News mehr.<\/p>\n","protected":false},"excerpt":{"rendered":"<p>Am 5. November 2020 findet die EnvisionEd statt \u2013 die virtuelle Bildungskonferenz besch\u00e4ftigt sich mit der Zukunft digitaler Lernkonzepte.<\/p>\n","protected":false},"author":127,"featured_media":29141,"comment_status":"open","ping_status":"open","sticky":false,"template":"","format":"standard","meta":{"ep_exclude_from_search":false,"_classifai_error":"","_classifai_text_to_speech_error":"","footnotes":""},"categories":[328],"post_tag":[1020,1203],"content-type":[277,226],"coauthors":[337],"class_list":["post-29135","post","type-post","status-publish","format-standard","has-post-thumbnail","hentry","category-education","tag-diverser-unterricht","tag-fernunterricht","content-type-digitale-transformation","content-type-veranstaltung"],"yoast_head":"<!-- This site is optimized with the Yoast SEO plugin v27.2 - https:\/\/yoast.com\/product\/yoast-seo-wordpress\/ -->\n<title>Microsoft Envision Education am 5. November - Microsoft Branchenblogs<\/title>\n<meta name=\"description\" content=\"Am 5. November 2020 findet die EnvisionEd statt \u2013 die virtuelle Konferenz besch\u00e4ftigt sich mit digitalen Lernkonzepten. Hier alle Infos!\" \/>\n<meta name=\"robots\" content=\"index, follow, max-snippet:-1, max-image-preview:large, max-video-preview:-1\" \/>\n<link rel=\"canonical\" href=\"https:\/\/www.microsoft.com\/de-de\/industry\/blog\/education\/2020\/09\/18\/microsoft-envision-education\/\" \/>\n<meta property=\"og:locale\" content=\"en_US\" \/>\n<meta property=\"og:type\" content=\"article\" \/>\n<meta property=\"og:title\" content=\"Microsoft Envision Education am 5. November - Microsoft Branchenblogs\" \/>\n<meta property=\"og:description\" content=\"Am 5. November 2020 findet die EnvisionEd statt \u2013 die virtuelle Konferenz besch\u00e4ftigt sich mit digitalen Lernkonzepten. Hier alle Infos!\" \/>\n<meta property=\"og:url\" content=\"https:\/\/www.microsoft.com\/de-de\/industry\/blog\/education\/2020\/09\/18\/microsoft-envision-education\/\" \/>\n<meta property=\"og:site_name\" content=\"Microsoft Branchenblogs\" \/>\n<meta property=\"article:publisher\" content=\"https:\/\/www.facebook.com\/MicrosoftinBusinessDE\/\" \/>\n<meta property=\"article:published_time\" content=\"2020-09-18T09:40:17+00:00\" \/>\n<meta property=\"article:modified_time\" content=\"2021-03-16T08:14:46+00:00\" \/>\n<meta property=\"og:image\" content=\"https:\/\/www.microsoft.com\/de-de\/industry\/blog\/wp-content\/uploads\/sites\/2\/2020\/09\/envisioned_800x450.jpg\" \/>\n\t<meta property=\"og:image:width\" content=\"800\" \/>\n\t<meta property=\"og:image:height\" content=\"450\" \/>\n\t<meta property=\"og:image:type\" content=\"image\/jpeg\" \/>\n<meta name=\"author\" content=\"Microsoft Bildungsteam\" \/>\n<meta name=\"twitter:card\" content=\"summary_large_image\" \/>\n<meta name=\"twitter:creator\" content=\"@msenterprisede\" \/>\n<meta name=\"twitter:site\" content=\"@msenterprisede\" \/>\n<meta name=\"twitter:label1\" content=\"Written by\" \/>\n\t<meta name=\"twitter:data1\" content=\"Microsoft Bildungsteam\" \/>\n\t<meta name=\"twitter:label2\" content=\"Est. reading time\" \/>\n\t<meta name=\"twitter:data2\" content=\"2 min read\" \/>\n<script type=\"application\/ld+json\" class=\"yoast-schema-graph\">{\"@context\":\"https:\/\/schema.org\",\"@graph\":[{\"@type\":\"Article\",\"@id\":\"https:\/\/www.microsoft.com\/de-de\/industry\/blog\/education\/2020\/09\/18\/microsoft-envision-education\/#article\",\"isPartOf\":{\"@id\":\"https:\/\/www.microsoft.com\/de-de\/industry\/blog\/education\/2020\/09\/18\/microsoft-envision-education\/\"},\"author\":[{\"@id\":\"https:\/\/www.microsoft.com\/de-de\/industry\/blog\/author\/microsoft-bildungs-team\/\",\"@type\":\"Person\",\"@name\":\"Microsoft Bildungsteam\"}],\"headline\":\"Microsoft Envision Education am 5. November\",\"datePublished\":\"2020-09-18T09:40:17+00:00\",\"dateModified\":\"2021-03-16T08:14:46+00:00\",\"mainEntityOfPage\":{\"@id\":\"https:\/\/www.microsoft.com\/de-de\/industry\/blog\/education\/2020\/09\/18\/microsoft-envision-education\/\"},\"wordCount\":486,\"commentCount\":0,\"publisher\":{\"@id\":\"https:\/\/www.microsoft.com\/de-de\/industry\/blog\/#organization\"},\"image\":{\"@id\":\"https:\/\/www.microsoft.com\/de-de\/industry\/blog\/education\/2020\/09\/18\/microsoft-envision-education\/#primaryimage\"},\"thumbnailUrl\":\"https:\/\/www.microsoft.com\/de-de\/industry\/blog\/wp-content\/uploads\/sites\/2\/2020\/09\/envisioned_800x450.jpg\",\"keywords\":[\"Diverser unterricht\",\"Fernunterricht\"],\"articleSection\":[\"Bildung &amp; forschung\"],\"inLanguage\":\"en-US\",\"potentialAction\":[{\"@type\":\"CommentAction\",\"name\":\"Comment\",\"target\":[\"https:\/\/www.microsoft.com\/de-de\/industry\/blog\/education\/2020\/09\/18\/microsoft-envision-education\/#respond\"]}]},{\"@type\":\"WebPage\",\"@id\":\"https:\/\/www.microsoft.com\/de-de\/industry\/blog\/education\/2020\/09\/18\/microsoft-envision-education\/\",\"url\":\"https:\/\/www.microsoft.com\/de-de\/industry\/blog\/education\/2020\/09\/18\/microsoft-envision-education\/\",\"name\":\"Microsoft Envision Education am 5. November - Microsoft Branchenblogs\",\"isPartOf\":{\"@id\":\"https:\/\/www.microsoft.com\/de-de\/industry\/blog\/#website\"},\"primaryImageOfPage\":{\"@id\":\"https:\/\/www.microsoft.com\/de-de\/industry\/blog\/education\/2020\/09\/18\/microsoft-envision-education\/#primaryimage\"},\"image\":{\"@id\":\"https:\/\/www.microsoft.com\/de-de\/industry\/blog\/education\/2020\/09\/18\/microsoft-envision-education\/#primaryimage\"},\"thumbnailUrl\":\"https:\/\/www.microsoft.com\/de-de\/industry\/blog\/wp-content\/uploads\/sites\/2\/2020\/09\/envisioned_800x450.jpg\",\"datePublished\":\"2020-09-18T09:40:17+00:00\",\"dateModified\":\"2021-03-16T08:14:46+00:00\",\"description\":\"Am 5. November 2020 findet die EnvisionEd statt \u2013 die virtuelle Konferenz besch\u00e4ftigt sich mit digitalen Lernkonzepten. Hier alle Infos!\",\"breadcrumb\":{\"@id\":\"https:\/\/www.microsoft.com\/de-de\/industry\/blog\/education\/2020\/09\/18\/microsoft-envision-education\/#breadcrumb\"},\"inLanguage\":\"en-US\",\"potentialAction\":[{\"@type\":\"ReadAction\",\"target\":[\"https:\/\/www.microsoft.com\/de-de\/industry\/blog\/education\/2020\/09\/18\/microsoft-envision-education\/\"]}]},{\"@type\":\"ImageObject\",\"inLanguage\":\"en-US\",\"@id\":\"https:\/\/www.microsoft.com\/de-de\/industry\/blog\/education\/2020\/09\/18\/microsoft-envision-education\/#primaryimage\",\"url\":\"https:\/\/www.microsoft.com\/de-de\/industry\/blog\/wp-content\/uploads\/sites\/2\/2020\/09\/envisioned_800x450.jpg\",\"contentUrl\":\"https:\/\/www.microsoft.com\/de-de\/industry\/blog\/wp-content\/uploads\/sites\/2\/2020\/09\/envisioned_800x450.jpg\",\"width\":800,\"height\":450,\"caption\":\"Zeichnung mit zwei Frauen und zwei M\u00e4nnern, die verschiedene Devices in den H\u00e4nden halten\"},{\"@type\":\"BreadcrumbList\",\"@id\":\"https:\/\/www.microsoft.com\/de-de\/industry\/blog\/education\/2020\/09\/18\/microsoft-envision-education\/#breadcrumb\",\"itemListElement\":[{\"@type\":\"ListItem\",\"position\":1,\"name\":\"Home\",\"item\":\"https:\/\/www.microsoft.com\/de-de\/industry\/blog\/\"},{\"@type\":\"ListItem\",\"position\":2,\"name\":\"Microsoft Envision Education am 5. November\"}]},{\"@type\":\"WebSite\",\"@id\":\"https:\/\/www.microsoft.com\/de-de\/industry\/blog\/#website\",\"url\":\"https:\/\/www.microsoft.com\/de-de\/industry\/blog\/\",\"name\":\"Microsoft Branchenblogs\",\"description\":\"\",\"publisher\":{\"@id\":\"https:\/\/www.microsoft.com\/de-de\/industry\/blog\/#organization\"},\"potentialAction\":[{\"@type\":\"SearchAction\",\"target\":{\"@type\":\"EntryPoint\",\"urlTemplate\":\"https:\/\/www.microsoft.com\/de-de\/industry\/blog\/?s={search_term_string}\"},\"query-input\":{\"@type\":\"PropertyValueSpecification\",\"valueRequired\":true,\"valueName\":\"search_term_string\"}}],\"inLanguage\":\"en-US\"},{\"@type\":\"Organization\",\"@id\":\"https:\/\/www.microsoft.com\/de-de\/industry\/blog\/#organization\",\"name\":\"Microsoft Branchenblogs\",\"url\":\"https:\/\/www.microsoft.com\/de-de\/industry\/blog\/\",\"logo\":{\"@type\":\"ImageObject\",\"inLanguage\":\"en-US\",\"@id\":\"https:\/\/www.microsoft.com\/de-de\/industry\/blog\/#\/schema\/logo\/image\/\",\"url\":\"https:\/\/www.microsoft.com\/de-de\/industry\/blog\/wp-content\/uploads\/sites\/2\/2019\/08\/Microsoft-Logo.png\",\"contentUrl\":\"https:\/\/www.microsoft.com\/de-de\/industry\/blog\/wp-content\/uploads\/sites\/2\/2019\/08\/Microsoft-Logo.png\",\"width\":259,\"height\":194,\"caption\":\"Microsoft Branchenblogs\"},\"image\":{\"@id\":\"https:\/\/www.microsoft.com\/de-de\/industry\/blog\/#\/schema\/logo\/image\/\"},\"sameAs\":[\"https:\/\/www.facebook.com\/MicrosoftinBusinessDE\/\",\"https:\/\/x.com\/msenterprisede\",\"https:\/\/www.youtube.com\/user\/MicrosoftBusiness\"]}]}<\/script>\n<!-- \/ Yoast SEO plugin. -->","yoast_head_json":{"title":"Microsoft Envision Education am 5. November - Microsoft Branchenblogs","description":"Am 5. November 2020 findet die EnvisionEd statt \u2013 die virtuelle Konferenz besch\u00e4ftigt sich mit digitalen Lernkonzepten. Hier alle Infos!","robots":{"index":"index","follow":"follow","max-snippet":"max-snippet:-1","max-image-preview":"max-image-preview:large","max-video-preview":"max-video-preview:-1"},"canonical":"https:\/\/www.microsoft.com\/de-de\/industry\/blog\/education\/2020\/09\/18\/microsoft-envision-education\/","og_locale":"en_US","og_type":"article","og_title":"Microsoft Envision Education am 5. November - Microsoft Branchenblogs","og_description":"Am 5. November 2020 findet die EnvisionEd statt \u2013 die virtuelle Konferenz besch\u00e4ftigt sich mit digitalen Lernkonzepten. Hier alle Infos!","og_url":"https:\/\/www.microsoft.com\/de-de\/industry\/blog\/education\/2020\/09\/18\/microsoft-envision-education\/","og_site_name":"Microsoft Branchenblogs","article_publisher":"https:\/\/www.facebook.com\/MicrosoftinBusinessDE\/","article_published_time":"2020-09-18T09:40:17+00:00","article_modified_time":"2021-03-16T08:14:46+00:00","og_image":[{"width":800,"height":450,"url":"https:\/\/www.microsoft.com\/de-de\/industry\/blog\/wp-content\/uploads\/sites\/2\/2020\/09\/envisioned_800x450.jpg","type":"image\/jpeg"}],"author":"Microsoft Bildungsteam","twitter_card":"summary_large_image","twitter_creator":"@msenterprisede","twitter_site":"@msenterprisede","twitter_misc":{"Written by":"Microsoft Bildungsteam","Est. reading time":"2 min read"},"schema":{"@context":"https:\/\/schema.org","@graph":[{"@type":"Article","@id":"https:\/\/www.microsoft.com\/de-de\/industry\/blog\/education\/2020\/09\/18\/microsoft-envision-education\/#article","isPartOf":{"@id":"https:\/\/www.microsoft.com\/de-de\/industry\/blog\/education\/2020\/09\/18\/microsoft-envision-education\/"},"author":[{"@id":"https:\/\/www.microsoft.com\/de-de\/industry\/blog\/author\/microsoft-bildungs-team\/","@type":"Person","@name":"Microsoft Bildungsteam"}],"headline":"Microsoft Envision Education am 5. November","datePublished":"2020-09-18T09:40:17+00:00","dateModified":"2021-03-16T08:14:46+00:00","mainEntityOfPage":{"@id":"https:\/\/www.microsoft.com\/de-de\/industry\/blog\/education\/2020\/09\/18\/microsoft-envision-education\/"},"wordCount":486,"commentCount":0,"publisher":{"@id":"https:\/\/www.microsoft.com\/de-de\/industry\/blog\/#organization"},"image":{"@id":"https:\/\/www.microsoft.com\/de-de\/industry\/blog\/education\/2020\/09\/18\/microsoft-envision-education\/#primaryimage"},"thumbnailUrl":"https:\/\/www.microsoft.com\/de-de\/industry\/blog\/wp-content\/uploads\/sites\/2\/2020\/09\/envisioned_800x450.jpg","keywords":["Diverser unterricht","Fernunterricht"],"articleSection":["Bildung &amp; forschung"],"inLanguage":"en-US","potentialAction":[{"@type":"CommentAction","name":"Comment","target":["https:\/\/www.microsoft.com\/de-de\/industry\/blog\/education\/2020\/09\/18\/microsoft-envision-education\/#respond"]}]},{"@type":"WebPage","@id":"https:\/\/www.microsoft.com\/de-de\/industry\/blog\/education\/2020\/09\/18\/microsoft-envision-education\/","url":"https:\/\/www.microsoft.com\/de-de\/industry\/blog\/education\/2020\/09\/18\/microsoft-envision-education\/","name":"Microsoft Envision Education am 5. November - Microsoft Branchenblogs","isPartOf":{"@id":"https:\/\/www.microsoft.com\/de-de\/industry\/blog\/#website"},"primaryImageOfPage":{"@id":"https:\/\/www.microsoft.com\/de-de\/industry\/blog\/education\/2020\/09\/18\/microsoft-envision-education\/#primaryimage"},"image":{"@id":"https:\/\/www.microsoft.com\/de-de\/industry\/blog\/education\/2020\/09\/18\/microsoft-envision-education\/#primaryimage"},"thumbnailUrl":"https:\/\/www.microsoft.com\/de-de\/industry\/blog\/wp-content\/uploads\/sites\/2\/2020\/09\/envisioned_800x450.jpg","datePublished":"2020-09-18T09:40:17+00:00","dateModified":"2021-03-16T08:14:46+00:00","description":"Am 5. November 2020 findet die EnvisionEd statt \u2013 die virtuelle Konferenz besch\u00e4ftigt sich mit digitalen Lernkonzepten. Hier alle Infos!","breadcrumb":{"@id":"https:\/\/www.microsoft.com\/de-de\/industry\/blog\/education\/2020\/09\/18\/microsoft-envision-education\/#breadcrumb"},"inLanguage":"en-US","potentialAction":[{"@type":"ReadAction","target":["https:\/\/www.microsoft.com\/de-de\/industry\/blog\/education\/2020\/09\/18\/microsoft-envision-education\/"]}]},{"@type":"ImageObject","inLanguage":"en-US","@id":"https:\/\/www.microsoft.com\/de-de\/industry\/blog\/education\/2020\/09\/18\/microsoft-envision-education\/#primaryimage","url":"https:\/\/www.microsoft.com\/de-de\/industry\/blog\/wp-content\/uploads\/sites\/2\/2020\/09\/envisioned_800x450.jpg","contentUrl":"https:\/\/www.microsoft.com\/de-de\/industry\/blog\/wp-content\/uploads\/sites\/2\/2020\/09\/envisioned_800x450.jpg","width":800,"height":450,"caption":"Zeichnung mit zwei Frauen und zwei M\u00e4nnern, die verschiedene Devices in den H\u00e4nden halten"},{"@type":"BreadcrumbList","@id":"https:\/\/www.microsoft.com\/de-de\/industry\/blog\/education\/2020\/09\/18\/microsoft-envision-education\/#breadcrumb","itemListElement":[{"@type":"ListItem","position":1,"name":"Home","item":"https:\/\/www.microsoft.com\/de-de\/industry\/blog\/"},{"@type":"ListItem","position":2,"name":"Microsoft Envision Education am 5. November"}]},{"@type":"WebSite","@id":"https:\/\/www.microsoft.com\/de-de\/industry\/blog\/#website","url":"https:\/\/www.microsoft.com\/de-de\/industry\/blog\/","name":"Microsoft Branchenblogs","description":"","publisher":{"@id":"https:\/\/www.microsoft.com\/de-de\/industry\/blog\/#organization"},"potentialAction":[{"@type":"SearchAction","target":{"@type":"EntryPoint","urlTemplate":"https:\/\/www.microsoft.com\/de-de\/industry\/blog\/?s={search_term_string}"},"query-input":{"@type":"PropertyValueSpecification","valueRequired":true,"valueName":"search_term_string"}}],"inLanguage":"en-US"},{"@type":"Organization","@id":"https:\/\/www.microsoft.com\/de-de\/industry\/blog\/#organization","name":"Microsoft Branchenblogs","url":"https:\/\/www.microsoft.com\/de-de\/industry\/blog\/","logo":{"@type":"ImageObject","inLanguage":"en-US","@id":"https:\/\/www.microsoft.com\/de-de\/industry\/blog\/#\/schema\/logo\/image\/","url":"https:\/\/www.microsoft.com\/de-de\/industry\/blog\/wp-content\/uploads\/sites\/2\/2019\/08\/Microsoft-Logo.png","contentUrl":"https:\/\/www.microsoft.com\/de-de\/industry\/blog\/wp-content\/uploads\/sites\/2\/2019\/08\/Microsoft-Logo.png","width":259,"height":194,"caption":"Microsoft Branchenblogs"},"image":{"@id":"https:\/\/www.microsoft.com\/de-de\/industry\/blog\/#\/schema\/logo\/image\/"},"sameAs":["https:\/\/www.facebook.com\/MicrosoftinBusinessDE\/","https:\/\/x.com\/msenterprisede","https:\/\/www.youtube.com\/user\/MicrosoftBusiness"]}]}},"_links":{"self":[{"href":"https:\/\/www.microsoft.com\/de-de\/industry\/blog\/wp-json\/wp\/v2\/posts\/29135","targetHints":{"allow":["GET"]}}],"collection":[{"href":"https:\/\/www.microsoft.com\/de-de\/industry\/blog\/wp-json\/wp\/v2\/posts"}],"about":[{"href":"https:\/\/www.microsoft.com\/de-de\/industry\/blog\/wp-json\/wp\/v2\/types\/post"}],"author":[{"embeddable":true,"href":"https:\/\/www.microsoft.com\/de-de\/industry\/blog\/wp-json\/wp\/v2\/users\/127"}],"replies":[{"embeddable":true,"href":"https:\/\/www.microsoft.com\/de-de\/industry\/blog\/wp-json\/wp\/v2\/comments?post=29135"}],"version-history":[{"count":0,"href":"https:\/\/www.microsoft.com\/de-de\/industry\/blog\/wp-json\/wp\/v2\/posts\/29135\/revisions"}],"wp:featuredmedia":[{"embeddable":true,"href":"https:\/\/www.microsoft.com\/de-de\/industry\/blog\/wp-json\/wp\/v2\/media\/29141"}],"wp:attachment":[{"href":"https:\/\/www.microsoft.com\/de-de\/industry\/blog\/wp-json\/wp\/v2\/media?parent=29135"}],"wp:term":[{"taxonomy":"category","embeddable":true,"href":"https:\/\/www.microsoft.com\/de-de\/industry\/blog\/wp-json\/wp\/v2\/categories?post=29135"},{"taxonomy":"post_tag","embeddable":true,"href":"https:\/\/www.microsoft.com\/de-de\/industry\/blog\/wp-json\/wp\/v2\/post_tag?post=29135"},{"taxonomy":"content-type","embeddable":true,"href":"https:\/\/www.microsoft.com\/de-de\/industry\/blog\/wp-json\/wp\/v2\/content-type?post=29135"},{"taxonomy":"author","embeddable":true,"href":"https:\/\/www.microsoft.com\/de-de\/industry\/blog\/wp-json\/wp\/v2\/coauthors?post=29135"}],"curies":[{"name":"wp","href":"https:\/\/api.w.org\/{rel}","templated":true}]}}