{"id":311,"date":"2014-09-02T06:30:30","date_gmt":"2014-09-02T06:30:30","guid":{"rendered":""},"modified":"2018-10-16T22:07:30","modified_gmt":"2018-10-16T20:07:30","slug":"thyssenkrupp-elevators-migrate-to-cloud-platform-with-iot","status":"publish","type":"post","link":"https:\/\/www.microsoft.com\/de-de\/industry\/blog\/uncategorized\/2014\/09\/02\/thyssenkrupp-elevators-migrate-to-cloud-platform-with-iot\/","title":{"rendered":"ThyssenKrupp und die Cloud: Schwebende Kisten"},"content":{"rendered":"<p><strong>Sehen Sie, was passiert ist, als ThyssenKrupp sein Aufzuggesch\u00e4ft mithilfe der Cloud neu entwickelt hat.<\/strong><\/p>\n<div class=\"entry-video\">\n<div class=\"video_textBox\">\n<div class=\"video_header\">Schwebende Kisten<\/div>\n<div class=\"video_description\"><\/div>\n<\/div>\n<p><a href=\"http:\/\/az370354.vo.msecnd.net\/videos\/Giving_cities_a_lift_with_the_Internet_of_Things.mp4\">Watch Schwebende Kisten<\/a><\/div>\n<\/div>\n<p>Majest\u00e4tische Wolkenkratzer w\u00e4ren ohne Aufz\u00fcge von ThyssenKrupp nicht denkbar. Sie bilden das R\u00fcckgrat der modernen Architektur und erschlie\u00dfen weltweit in Gro\u00dfst\u00e4dten den Zugang zu Hochh\u00e4usern. Ohne Aufz\u00fcge w\u00e4re es unm\u00f6glich, wertvolle Lasten sicher in die oberen Etagen bef\u00f6rdern. ThyssenKrupp war daran gelegen, Wartungsroutinen zu kontrollieren, um seine Reputation f\u00fcr hohe Sicherheit zu st\u00e4rken. Das Unternehmen kam zu dem Schluss, dass die Cloud die geeignete Plattform ist, um die koordinierte Wartung und Risikosteuerung zu erm\u00f6glichen. Die Cloud-Migration ging jedoch auch mit zahlreichen unerwarteten Vorteilen einher und erm\u00f6glichte dem Unternehmen, einen Internet-of-Things-Ansatz f\u00fcr das gesamte Aufzugssortiment zu testen. Sehen Sie, was passiert ist, als ThyssenKrupp sich als digitales Unternehmen neu erfunden hat.<\/p>\n","protected":false},"excerpt":{"rendered":"<p>Majest\u00e4tische Wolkenkratzer w\u00e4ren ohne Aufz\u00fcge von ThyssenKrupp nicht denkbar. Sie bilden das R\u00fcckgrat der modernen Architektur und erschlie\u00dfen weltweit in Gro\u00dfst\u00e4dten den Zugang zu Hochh\u00e4usern.<\/p>\n","protected":false},"author":223,"featured_media":861,"comment_status":"closed","ping_status":"closed","sticky":false,"template":"","format":"standard","meta":{"ep_exclude_from_search":false,"_classifai_error":"","_classifai_text_to_speech_error":"","footnotes":""},"categories":[1],"post_tag":[],"content-type":[],"coauthors":[58],"class_list":["post-311","post","type-post","status-publish","format-standard","has-post-thumbnail","hentry","category-uncategorized"],"yoast_head":"<!-- This site is optimized with the Yoast SEO plugin v27.4 - https:\/\/yoast.com\/product\/yoast-seo-wordpress\/ -->\n<title>ThyssenKrupp und die Cloud<\/title>\n<meta name=\"description\" content=\"ThyssenKrupp muss Wartungsroutinen kontrollieren, um seine Reputation f\u00fcr hohe Sicherheit zu st\u00e4rken. Das Unternehmen nutzt die Cloud als Plattform, um...\" \/>\n<meta name=\"robots\" content=\"index, follow, max-snippet:-1, max-image-preview:large, max-video-preview:-1\" \/>\n<link rel=\"canonical\" href=\"https:\/\/www.microsoft.com\/de-de\/industry\/blog\/uncategorized\/2014\/09\/02\/thyssenkrupp-elevators-migrate-to-cloud-platform-with-iot\/\" \/>\n<meta property=\"og:locale\" content=\"en_US\" \/>\n<meta property=\"og:type\" content=\"article\" \/>\n<meta property=\"og:title\" content=\"ThyssenKrupp und die Cloud\" \/>\n<meta property=\"og:description\" content=\"ThyssenKrupp muss Wartungsroutinen kontrollieren, um seine Reputation f\u00fcr hohe Sicherheit zu st\u00e4rken. Das Unternehmen nutzt die Cloud als Plattform, um...\" \/>\n<meta property=\"og:url\" content=\"https:\/\/www.microsoft.com\/de-de\/industry\/blog\/uncategorized\/2014\/09\/02\/thyssenkrupp-elevators-migrate-to-cloud-platform-with-iot\/\" \/>\n<meta property=\"og:site_name\" content=\"Microsoft Branchenblogs\" \/>\n<meta property=\"article:publisher\" content=\"https:\/\/www.facebook.com\/MicrosoftinBusinessDE\/\" \/>\n<meta property=\"article:published_time\" content=\"2014-09-02T06:30:30+00:00\" \/>\n<meta property=\"article:modified_time\" content=\"2018-10-16T20:07:30+00:00\" \/>\n<meta property=\"og:image\" content=\"https:\/\/www.microsoft.com\/de-de\/industry\/blog\/wp-content\/uploads\/sites\/2\/2017\/02\/IT_Leaders_3.jpg\" \/>\n\t<meta property=\"og:image:width\" content=\"290\" \/>\n\t<meta property=\"og:image:height\" content=\"125\" \/>\n\t<meta property=\"og:image:type\" content=\"image\/jpeg\" \/>\n<meta name=\"author\" content=\"Enterprise Team\" \/>\n<meta name=\"twitter:card\" content=\"summary_large_image\" \/>\n<meta name=\"twitter:creator\" content=\"@msenterprisede\" \/>\n<meta name=\"twitter:site\" content=\"@msenterprisede\" \/>\n<meta name=\"twitter:label1\" content=\"Written by\" \/>\n\t<meta name=\"twitter:data1\" content=\"Enterprise Team\" \/>\n\t<meta name=\"twitter:label2\" content=\"Est. reading time\" \/>\n\t<meta name=\"twitter:data2\" content=\"1 min read\" \/>\n<script type=\"application\/ld+json\" class=\"yoast-schema-graph\">{\"@context\":\"https:\\\/\\\/schema.org\",\"@graph\":[{\"@type\":\"Article\",\"@id\":\"https:\\\/\\\/www.microsoft.com\\\/de-de\\\/industry\\\/blog\\\/uncategorized\\\/2014\\\/09\\\/02\\\/thyssenkrupp-elevators-migrate-to-cloud-platform-with-iot\\\/#article\",\"isPartOf\":{\"@id\":\"https:\\\/\\\/www.microsoft.com\\\/de-de\\\/industry\\\/blog\\\/uncategorized\\\/2014\\\/09\\\/02\\\/thyssenkrupp-elevators-migrate-to-cloud-platform-with-iot\\\/\"},\"author\":[{\"@id\":\"https:\\\/\\\/www.microsoft.com\\\/de-de\\\/industry\\\/blog\\\/author\\\/enterprise-team\\\/\",\"@type\":\"Person\",\"@name\":\"Enterprise Team\"}],\"headline\":\"ThyssenKrupp und die Cloud: Schwebende Kisten\",\"datePublished\":\"2014-09-02T06:30:30+00:00\",\"dateModified\":\"2018-10-16T20:07:30+00:00\",\"mainEntityOfPage\":{\"@id\":\"https:\\\/\\\/www.microsoft.com\\\/de-de\\\/industry\\\/blog\\\/uncategorized\\\/2014\\\/09\\\/02\\\/thyssenkrupp-elevators-migrate-to-cloud-platform-with-iot\\\/\"},\"wordCount\":154,\"publisher\":{\"@id\":\"https:\\\/\\\/www.microsoft.com\\\/de-de\\\/industry\\\/blog\\\/#organization\"},\"image\":{\"@id\":\"https:\\\/\\\/www.microsoft.com\\\/de-de\\\/industry\\\/blog\\\/uncategorized\\\/2014\\\/09\\\/02\\\/thyssenkrupp-elevators-migrate-to-cloud-platform-with-iot\\\/#primaryimage\"},\"thumbnailUrl\":\"https:\\\/\\\/www.microsoft.com\\\/de-de\\\/industry\\\/blog\\\/wp-content\\\/uploads\\\/sites\\\/2\\\/2017\\\/02\\\/IT_Leaders_3.jpg\",\"articleSection\":[\"Branchen\u00fcbergreifend\"],\"inLanguage\":\"en-US\"},{\"@type\":\"WebPage\",\"@id\":\"https:\\\/\\\/www.microsoft.com\\\/de-de\\\/industry\\\/blog\\\/uncategorized\\\/2014\\\/09\\\/02\\\/thyssenkrupp-elevators-migrate-to-cloud-platform-with-iot\\\/\",\"url\":\"https:\\\/\\\/www.microsoft.com\\\/de-de\\\/industry\\\/blog\\\/uncategorized\\\/2014\\\/09\\\/02\\\/thyssenkrupp-elevators-migrate-to-cloud-platform-with-iot\\\/\",\"name\":\"ThyssenKrupp und die Cloud\",\"isPartOf\":{\"@id\":\"https:\\\/\\\/www.microsoft.com\\\/de-de\\\/industry\\\/blog\\\/#website\"},\"primaryImageOfPage\":{\"@id\":\"https:\\\/\\\/www.microsoft.com\\\/de-de\\\/industry\\\/blog\\\/uncategorized\\\/2014\\\/09\\\/02\\\/thyssenkrupp-elevators-migrate-to-cloud-platform-with-iot\\\/#primaryimage\"},\"image\":{\"@id\":\"https:\\\/\\\/www.microsoft.com\\\/de-de\\\/industry\\\/blog\\\/uncategorized\\\/2014\\\/09\\\/02\\\/thyssenkrupp-elevators-migrate-to-cloud-platform-with-iot\\\/#primaryimage\"},\"thumbnailUrl\":\"https:\\\/\\\/www.microsoft.com\\\/de-de\\\/industry\\\/blog\\\/wp-content\\\/uploads\\\/sites\\\/2\\\/2017\\\/02\\\/IT_Leaders_3.jpg\",\"datePublished\":\"2014-09-02T06:30:30+00:00\",\"dateModified\":\"2018-10-16T20:07:30+00:00\",\"description\":\"ThyssenKrupp muss Wartungsroutinen kontrollieren, um seine Reputation f\u00fcr hohe Sicherheit zu st\u00e4rken. Das Unternehmen nutzt die Cloud als Plattform, um...\",\"breadcrumb\":{\"@id\":\"https:\\\/\\\/www.microsoft.com\\\/de-de\\\/industry\\\/blog\\\/uncategorized\\\/2014\\\/09\\\/02\\\/thyssenkrupp-elevators-migrate-to-cloud-platform-with-iot\\\/#breadcrumb\"},\"inLanguage\":\"en-US\",\"potentialAction\":[{\"@type\":\"ReadAction\",\"target\":[\"https:\\\/\\\/www.microsoft.com\\\/de-de\\\/industry\\\/blog\\\/uncategorized\\\/2014\\\/09\\\/02\\\/thyssenkrupp-elevators-migrate-to-cloud-platform-with-iot\\\/\"]}]},{\"@type\":\"ImageObject\",\"inLanguage\":\"en-US\",\"@id\":\"https:\\\/\\\/www.microsoft.com\\\/de-de\\\/industry\\\/blog\\\/uncategorized\\\/2014\\\/09\\\/02\\\/thyssenkrupp-elevators-migrate-to-cloud-platform-with-iot\\\/#primaryimage\",\"url\":\"https:\\\/\\\/www.microsoft.com\\\/de-de\\\/industry\\\/blog\\\/wp-content\\\/uploads\\\/sites\\\/2\\\/2017\\\/02\\\/IT_Leaders_3.jpg\",\"contentUrl\":\"https:\\\/\\\/www.microsoft.com\\\/de-de\\\/industry\\\/blog\\\/wp-content\\\/uploads\\\/sites\\\/2\\\/2017\\\/02\\\/IT_Leaders_3.jpg\",\"width\":290,\"height\":125},{\"@type\":\"BreadcrumbList\",\"@id\":\"https:\\\/\\\/www.microsoft.com\\\/de-de\\\/industry\\\/blog\\\/uncategorized\\\/2014\\\/09\\\/02\\\/thyssenkrupp-elevators-migrate-to-cloud-platform-with-iot\\\/#breadcrumb\",\"itemListElement\":[{\"@type\":\"ListItem\",\"position\":1,\"name\":\"Home\",\"item\":\"https:\\\/\\\/www.microsoft.com\\\/de-de\\\/industry\\\/blog\\\/\"},{\"@type\":\"ListItem\",\"position\":2,\"name\":\"ThyssenKrupp und die Cloud: Schwebende Kisten\"}]},{\"@type\":\"WebSite\",\"@id\":\"https:\\\/\\\/www.microsoft.com\\\/de-de\\\/industry\\\/blog\\\/#website\",\"url\":\"https:\\\/\\\/www.microsoft.com\\\/de-de\\\/industry\\\/blog\\\/\",\"name\":\"Microsoft Branchenblogs\",\"description\":\"\",\"publisher\":{\"@id\":\"https:\\\/\\\/www.microsoft.com\\\/de-de\\\/industry\\\/blog\\\/#organization\"},\"potentialAction\":[{\"@type\":\"SearchAction\",\"target\":{\"@type\":\"EntryPoint\",\"urlTemplate\":\"https:\\\/\\\/www.microsoft.com\\\/de-de\\\/industry\\\/blog\\\/?s={search_term_string}\"},\"query-input\":{\"@type\":\"PropertyValueSpecification\",\"valueRequired\":true,\"valueName\":\"search_term_string\"}}],\"inLanguage\":\"en-US\"},{\"@type\":\"Organization\",\"@id\":\"https:\\\/\\\/www.microsoft.com\\\/de-de\\\/industry\\\/blog\\\/#organization\",\"name\":\"Microsoft Branchenblogs\",\"url\":\"https:\\\/\\\/www.microsoft.com\\\/de-de\\\/industry\\\/blog\\\/\",\"logo\":{\"@type\":\"ImageObject\",\"inLanguage\":\"en-US\",\"@id\":\"https:\\\/\\\/www.microsoft.com\\\/de-de\\\/industry\\\/blog\\\/#\\\/schema\\\/logo\\\/image\\\/\",\"url\":\"https:\\\/\\\/www.microsoft.com\\\/de-de\\\/industry\\\/blog\\\/wp-content\\\/uploads\\\/sites\\\/2\\\/2019\\\/08\\\/Microsoft-Logo.png\",\"contentUrl\":\"https:\\\/\\\/www.microsoft.com\\\/de-de\\\/industry\\\/blog\\\/wp-content\\\/uploads\\\/sites\\\/2\\\/2019\\\/08\\\/Microsoft-Logo.png\",\"width\":259,\"height\":194,\"caption\":\"Microsoft Branchenblogs\"},\"image\":{\"@id\":\"https:\\\/\\\/www.microsoft.com\\\/de-de\\\/industry\\\/blog\\\/#\\\/schema\\\/logo\\\/image\\\/\"},\"sameAs\":[\"https:\\\/\\\/www.facebook.com\\\/MicrosoftinBusinessDE\\\/\",\"https:\\\/\\\/x.com\\\/msenterprisede\",\"https:\\\/\\\/www.youtube.com\\\/user\\\/MicrosoftBusiness\"]}]}<\/script>\n<!-- \/ Yoast SEO plugin. -->","yoast_head_json":{"title":"ThyssenKrupp und die Cloud","description":"ThyssenKrupp muss Wartungsroutinen kontrollieren, um seine Reputation f\u00fcr hohe Sicherheit zu st\u00e4rken. Das Unternehmen nutzt die Cloud als Plattform, um...","robots":{"index":"index","follow":"follow","max-snippet":"max-snippet:-1","max-image-preview":"max-image-preview:large","max-video-preview":"max-video-preview:-1"},"canonical":"https:\/\/www.microsoft.com\/de-de\/industry\/blog\/uncategorized\/2014\/09\/02\/thyssenkrupp-elevators-migrate-to-cloud-platform-with-iot\/","og_locale":"en_US","og_type":"article","og_title":"ThyssenKrupp und die Cloud","og_description":"ThyssenKrupp muss Wartungsroutinen kontrollieren, um seine Reputation f\u00fcr hohe Sicherheit zu st\u00e4rken. Das Unternehmen nutzt die Cloud als Plattform, um...","og_url":"https:\/\/www.microsoft.com\/de-de\/industry\/blog\/uncategorized\/2014\/09\/02\/thyssenkrupp-elevators-migrate-to-cloud-platform-with-iot\/","og_site_name":"Microsoft Branchenblogs","article_publisher":"https:\/\/www.facebook.com\/MicrosoftinBusinessDE\/","article_published_time":"2014-09-02T06:30:30+00:00","article_modified_time":"2018-10-16T20:07:30+00:00","og_image":[{"width":290,"height":125,"url":"https:\/\/www.microsoft.com\/de-de\/industry\/blog\/wp-content\/uploads\/sites\/2\/2017\/02\/IT_Leaders_3.jpg","type":"image\/jpeg"}],"author":"Enterprise Team","twitter_card":"summary_large_image","twitter_creator":"@msenterprisede","twitter_site":"@msenterprisede","twitter_misc":{"Written by":"Enterprise Team","Est. reading time":"1 min read"},"schema":{"@context":"https:\/\/schema.org","@graph":[{"@type":"Article","@id":"https:\/\/www.microsoft.com\/de-de\/industry\/blog\/uncategorized\/2014\/09\/02\/thyssenkrupp-elevators-migrate-to-cloud-platform-with-iot\/#article","isPartOf":{"@id":"https:\/\/www.microsoft.com\/de-de\/industry\/blog\/uncategorized\/2014\/09\/02\/thyssenkrupp-elevators-migrate-to-cloud-platform-with-iot\/"},"author":[{"@id":"https:\/\/www.microsoft.com\/de-de\/industry\/blog\/author\/enterprise-team\/","@type":"Person","@name":"Enterprise Team"}],"headline":"ThyssenKrupp und die Cloud: Schwebende Kisten","datePublished":"2014-09-02T06:30:30+00:00","dateModified":"2018-10-16T20:07:30+00:00","mainEntityOfPage":{"@id":"https:\/\/www.microsoft.com\/de-de\/industry\/blog\/uncategorized\/2014\/09\/02\/thyssenkrupp-elevators-migrate-to-cloud-platform-with-iot\/"},"wordCount":154,"publisher":{"@id":"https:\/\/www.microsoft.com\/de-de\/industry\/blog\/#organization"},"image":{"@id":"https:\/\/www.microsoft.com\/de-de\/industry\/blog\/uncategorized\/2014\/09\/02\/thyssenkrupp-elevators-migrate-to-cloud-platform-with-iot\/#primaryimage"},"thumbnailUrl":"https:\/\/www.microsoft.com\/de-de\/industry\/blog\/wp-content\/uploads\/sites\/2\/2017\/02\/IT_Leaders_3.jpg","articleSection":["Branchen\u00fcbergreifend"],"inLanguage":"en-US"},{"@type":"WebPage","@id":"https:\/\/www.microsoft.com\/de-de\/industry\/blog\/uncategorized\/2014\/09\/02\/thyssenkrupp-elevators-migrate-to-cloud-platform-with-iot\/","url":"https:\/\/www.microsoft.com\/de-de\/industry\/blog\/uncategorized\/2014\/09\/02\/thyssenkrupp-elevators-migrate-to-cloud-platform-with-iot\/","name":"ThyssenKrupp und die Cloud","isPartOf":{"@id":"https:\/\/www.microsoft.com\/de-de\/industry\/blog\/#website"},"primaryImageOfPage":{"@id":"https:\/\/www.microsoft.com\/de-de\/industry\/blog\/uncategorized\/2014\/09\/02\/thyssenkrupp-elevators-migrate-to-cloud-platform-with-iot\/#primaryimage"},"image":{"@id":"https:\/\/www.microsoft.com\/de-de\/industry\/blog\/uncategorized\/2014\/09\/02\/thyssenkrupp-elevators-migrate-to-cloud-platform-with-iot\/#primaryimage"},"thumbnailUrl":"https:\/\/www.microsoft.com\/de-de\/industry\/blog\/wp-content\/uploads\/sites\/2\/2017\/02\/IT_Leaders_3.jpg","datePublished":"2014-09-02T06:30:30+00:00","dateModified":"2018-10-16T20:07:30+00:00","description":"ThyssenKrupp muss Wartungsroutinen kontrollieren, um seine Reputation f\u00fcr hohe Sicherheit zu st\u00e4rken. Das Unternehmen nutzt die Cloud als Plattform, um...","breadcrumb":{"@id":"https:\/\/www.microsoft.com\/de-de\/industry\/blog\/uncategorized\/2014\/09\/02\/thyssenkrupp-elevators-migrate-to-cloud-platform-with-iot\/#breadcrumb"},"inLanguage":"en-US","potentialAction":[{"@type":"ReadAction","target":["https:\/\/www.microsoft.com\/de-de\/industry\/blog\/uncategorized\/2014\/09\/02\/thyssenkrupp-elevators-migrate-to-cloud-platform-with-iot\/"]}]},{"@type":"ImageObject","inLanguage":"en-US","@id":"https:\/\/www.microsoft.com\/de-de\/industry\/blog\/uncategorized\/2014\/09\/02\/thyssenkrupp-elevators-migrate-to-cloud-platform-with-iot\/#primaryimage","url":"https:\/\/www.microsoft.com\/de-de\/industry\/blog\/wp-content\/uploads\/sites\/2\/2017\/02\/IT_Leaders_3.jpg","contentUrl":"https:\/\/www.microsoft.com\/de-de\/industry\/blog\/wp-content\/uploads\/sites\/2\/2017\/02\/IT_Leaders_3.jpg","width":290,"height":125},{"@type":"BreadcrumbList","@id":"https:\/\/www.microsoft.com\/de-de\/industry\/blog\/uncategorized\/2014\/09\/02\/thyssenkrupp-elevators-migrate-to-cloud-platform-with-iot\/#breadcrumb","itemListElement":[{"@type":"ListItem","position":1,"name":"Home","item":"https:\/\/www.microsoft.com\/de-de\/industry\/blog\/"},{"@type":"ListItem","position":2,"name":"ThyssenKrupp und die Cloud: Schwebende Kisten"}]},{"@type":"WebSite","@id":"https:\/\/www.microsoft.com\/de-de\/industry\/blog\/#website","url":"https:\/\/www.microsoft.com\/de-de\/industry\/blog\/","name":"Microsoft Branchenblogs","description":"","publisher":{"@id":"https:\/\/www.microsoft.com\/de-de\/industry\/blog\/#organization"},"potentialAction":[{"@type":"SearchAction","target":{"@type":"EntryPoint","urlTemplate":"https:\/\/www.microsoft.com\/de-de\/industry\/blog\/?s={search_term_string}"},"query-input":{"@type":"PropertyValueSpecification","valueRequired":true,"valueName":"search_term_string"}}],"inLanguage":"en-US"},{"@type":"Organization","@id":"https:\/\/www.microsoft.com\/de-de\/industry\/blog\/#organization","name":"Microsoft Branchenblogs","url":"https:\/\/www.microsoft.com\/de-de\/industry\/blog\/","logo":{"@type":"ImageObject","inLanguage":"en-US","@id":"https:\/\/www.microsoft.com\/de-de\/industry\/blog\/#\/schema\/logo\/image\/","url":"https:\/\/www.microsoft.com\/de-de\/industry\/blog\/wp-content\/uploads\/sites\/2\/2019\/08\/Microsoft-Logo.png","contentUrl":"https:\/\/www.microsoft.com\/de-de\/industry\/blog\/wp-content\/uploads\/sites\/2\/2019\/08\/Microsoft-Logo.png","width":259,"height":194,"caption":"Microsoft Branchenblogs"},"image":{"@id":"https:\/\/www.microsoft.com\/de-de\/industry\/blog\/#\/schema\/logo\/image\/"},"sameAs":["https:\/\/www.facebook.com\/MicrosoftinBusinessDE\/","https:\/\/x.com\/msenterprisede","https:\/\/www.youtube.com\/user\/MicrosoftBusiness"]}]}},"_links":{"self":[{"href":"https:\/\/www.microsoft.com\/de-de\/industry\/blog\/wp-json\/wp\/v2\/posts\/311","targetHints":{"allow":["GET"]}}],"collection":[{"href":"https:\/\/www.microsoft.com\/de-de\/industry\/blog\/wp-json\/wp\/v2\/posts"}],"about":[{"href":"https:\/\/www.microsoft.com\/de-de\/industry\/blog\/wp-json\/wp\/v2\/types\/post"}],"author":[{"embeddable":true,"href":"https:\/\/www.microsoft.com\/de-de\/industry\/blog\/wp-json\/wp\/v2\/users\/223"}],"replies":[{"embeddable":true,"href":"https:\/\/www.microsoft.com\/de-de\/industry\/blog\/wp-json\/wp\/v2\/comments?post=311"}],"version-history":[{"count":0,"href":"https:\/\/www.microsoft.com\/de-de\/industry\/blog\/wp-json\/wp\/v2\/posts\/311\/revisions"}],"wp:featuredmedia":[{"embeddable":true,"href":"https:\/\/www.microsoft.com\/de-de\/industry\/blog\/wp-json\/wp\/v2\/media\/861"}],"wp:attachment":[{"href":"https:\/\/www.microsoft.com\/de-de\/industry\/blog\/wp-json\/wp\/v2\/media?parent=311"}],"wp:term":[{"taxonomy":"category","embeddable":true,"href":"https:\/\/www.microsoft.com\/de-de\/industry\/blog\/wp-json\/wp\/v2\/categories?post=311"},{"taxonomy":"post_tag","embeddable":true,"href":"https:\/\/www.microsoft.com\/de-de\/industry\/blog\/wp-json\/wp\/v2\/post_tag?post=311"},{"taxonomy":"content-type","embeddable":true,"href":"https:\/\/www.microsoft.com\/de-de\/industry\/blog\/wp-json\/wp\/v2\/content-type?post=311"},{"taxonomy":"author","embeddable":true,"href":"https:\/\/www.microsoft.com\/de-de\/industry\/blog\/wp-json\/wp\/v2\/coauthors?post=311"}],"curies":[{"name":"wp","href":"https:\/\/api.w.org\/{rel}","templated":true}]}}