{"id":60791,"date":"2023-01-11T18:30:26","date_gmt":"2023-01-11T16:30:26","guid":{"rendered":""},"modified":"2024-02-02T15:52:34","modified_gmt":"2024-02-02T13:52:34","slug":"die-microsoft-ngo-tour-2023-mit-unseren-partnern","status":"publish","type":"post","link":"https:\/\/www.microsoft.com\/de-de\/industry\/blog\/kirche-wohlfahrt\/2023\/01\/11\/die-microsoft-ngo-tour-2023-mit-unseren-partnern\/","title":{"rendered":"Die Microsoft NGO-Tour 2023 mit unseren Partnern"},"content":{"rendered":"\n<h2 class=\"wp-block-heading\">Eine Deutschland-\u00d6sterreich-Tour mit unseren Partnern f\u00fcr und mit Nonprofit-Organisationen: Praxiswissen, Networking und Begegnung<\/h2>\n\n\n\n<p>&nbsp;<\/p>\n\n\n\n<p>Im Fr\u00fchjahr 2023 starteten wir mit unserer <strong>NGO-Tour 2023 mit Partnern f\u00fcr<\/strong> <strong>und mit Nonprofit-Organisationen<\/strong>.<\/p>\n\n\n\n<p><strong>Sie wollen mit uns in Kontakt treten? Dann registrieren Sie sich doch in unserer <a href=\"https:\/\/aka.ms\/ngo-community\" target=\"_blank\" rel=\"noreferrer noopener\">Microsoft Community f\u00fcr gemeinn\u00fctzige Organisationen<\/a>. Wir freuen uns auf einen weiterhin regen Austausch mit Ihnen.<\/strong><\/p>\n\n\n\n<p>Den Teilnehmer*innen gew\u00e4hrten wir neue Einblicke in die Top-Digitalisierungsthemen der n\u00e4chsten Jahre. Sie erfuhren anhand praktischer Anwendungsszenarien und realer Erfahrungen von Projektpartnern und anderen Organisationen, wie Sie Ihre Digitalisierung erfolgreich vorantreiben k\u00f6nnen.<\/p>\n\n\n\n<p>Die NGO-Tour 2023 war derart aufgesetzt, dass <strong>an jedem Standort andere L\u00f6sungen<\/strong> pr\u00e4sentiert und diskutiert wurden. <\/p>\n\n\n\n<figure class=\"wp-block-image size-full is-style-default\"><img loading=\"lazy\" decoding=\"async\" width=\"800\" height=\"450\" src=\"https:\/\/www.microsoft.com\/de-de\/industry\/blog\/wp-content\/uploads\/sites\/2\/2023\/01\/NGO-Tour_2023.jpg\" alt=\"Ein Mann im Rollstuhl und eine Frau unterhalten sich\" class=\"wp-image-60796\" srcset=\"https:\/\/www.microsoft.com\/de-de\/industry\/blog\/wp-content\/uploads\/sites\/2\/2023\/01\/NGO-Tour_2023.jpg 800w, https:\/\/www.microsoft.com\/de-de\/industry\/blog\/wp-content\/uploads\/sites\/2\/2023\/01\/NGO-Tour_2023-300x169.jpg 300w, https:\/\/www.microsoft.com\/de-de\/industry\/blog\/wp-content\/uploads\/sites\/2\/2023\/01\/NGO-Tour_2023-768x432.jpg 768w, https:\/\/www.microsoft.com\/de-de\/industry\/blog\/wp-content\/uploads\/sites\/2\/2023\/01\/NGO-Tour_2023-235x132.jpg 235w, https:\/\/www.microsoft.com\/de-de\/industry\/blog\/wp-content\/uploads\/sites\/2\/2023\/01\/NGO-Tour_2023-400x225.jpg 400w\" sizes=\"auto, (max-width: 800px) 100vw, 800px\" \/><\/figure>\n\n\n\n<p>Wie wirkt sich der digitale Wandel auf Nonprofit-Organisationen aus und welche Anforderungen an Datenschutz und Compliance gehen damit einher? Wie werden dr\u00e4ngende Themen wie flexibles Arbeiten und Schutz von wertvollen Ressourcen einer Organisation, eine Modernisierung Ihrer gesch\u00e4ftlichen Anwendungslandschaft sowie Nachhaltigkeit und Klimaschutz umgesetzt \u2013 und welchen Beitrag k\u00f6nnen digitale Tools, innovative Technologien und die Microsoft Cloud for Nonprofit dazu leisten?<\/p>\n\n\n\n<p>Diesen und weiteren aktuellen Fragen gingen wir bei der<strong> Microsoft NGO-Tour 2023 mit Partnern<\/strong> nach. So konnten in entspannter Atmosph\u00e4re <strong>neue technologische M\u00f6glichkeiten und digitale Tools<\/strong> kennengelernt werden, die Sie bei Ihrer eigenen Prozessoptimierung und Transformation unterst\u00fctzen k\u00f6nnen.<\/p>\n\n\n\n<p>&nbsp;<\/p>\n\n\n\n<h2 class=\"wp-block-heading\" id=\"die-microsoft-partner-auf-der-ngo-tour-2022-stellen-sich-vor\">Die Microsoft-Partner auf der NGO-Tour 2023 stellen sich vor<\/h2>\n\n\n\n<figure class=\"wp-block-table\"><table class=\"has-fixed-layout\"><tbody>\n<td><strong class=\"\"><a href=\"#Alpha\">Alpha Variance Solutions<\/a><\/strong><\/td>\n<td><strong class=\"\"><a href=\"#Althammer\">Althammer &amp; Kill<\/a><\/strong><\/td>\n<tr><td><strong class=\"\"><a href=\"#Ambit\">Ambit Group<\/a><\/strong><\/td>\n<td><strong class=\"\"><a href=\"#AppSphere\">AppSphere AG<\/a><\/strong><\/td><\/tr>\n<tr><td><strong class=\"\"><a href=\"#Avanade\">Avanade<\/a><\/strong><\/td>\n<td><strong class=\"\"><a href=\"#Bechtle\">Bechtle<\/a><\/strong><\/td><\/tr>\n<tr><td><strong class=\"\"><a href=\"#CGI\">CGI<\/a><\/strong><\/td>\n<td><strong class=\"\"><a href=\"#Cloud\">CloudAstro<\/a><\/strong><\/td><\/tr>\n<tr><td><strong class=\"\"><a href=\"#CRMFIRST\">CRMFIRST <\/a><\/strong><\/td>\n<td><strong class=\"\"><a href=\"#Digitall\">Digitall <\/a><\/strong><\/td><\/tr>\n<tr><td><strong class=\"\"><a href=\"#Enthus\">enthus (vormals VINTIN)<\/a><\/strong><\/td>\n<td><strong class=\"\"><a href=\"#ifunds\">ifunds<\/a><\/strong><\/td><\/tr>\n<tr><td><strong class=\"\"><a href=\"#Logiway\">Logiway <\/a><\/strong><\/td>\n<td><strong class=\"\"><a href=\"#ndberatung\">ndberatung <\/a><\/strong><\/td><\/tr>\n<tr><td><strong class=\"\"><a href=\"#Neos\">Neos IT Services <\/a><\/strong><\/td>\n<td><strong class=\"\"><a href=\"#nteam\">nteam <\/a><\/strong><\/td><\/tr>\n<tr><td><strong class=\"\"><a href=\"#phat\">PHAT Consulting <\/a><\/strong><\/td>\n<td><strong class=\"\"><a href=\"#prolan\">Prolan Solutions <\/a><\/strong><\/td><\/tr>\n<tr><td><strong class=\"\"><a href=\"#provectus\">Provectus Technologies GmbH<\/a><\/strong><\/td>\n<td><strong class=\"\"><a href=\"#sepago\">sepago <\/a><\/strong><\/td><\/tr>\n<tr><td><strong class=\"\"><a href=\"#One\">SoftwareOne <\/a><\/strong><\/td>\n<td><strong class=\"\"><a href=\"#synalis\">synalis <\/a><\/strong><\/td><\/tr>\n<tr><td><strong class=\"\"><a href=\"#Veeam\">Veeam <\/a><\/strong><\/td><\/tr>\n<\/tbody><\/table><\/figure>\n\n\n\n<h2 class=\"wp-block-heading\" id=\"vernetzen-und-lernen-mit-gleichgesinnten\">Vernetzen und lernen mit Gleichgesinnten<\/h2>\n\n\n\n<p>Das Besondere an dieser Tour: Im Zentrum stand der NGO-Community-Gedanke! Es ging also um den pers\u00f6nlichen Austausch der Teilnehmenden untereinander. Das bot die Chance, voneinander zu lernen, Erfahrungen zu diskutieren und m\u00f6glicherweise neue Kooperationen zu schlie\u00dfen. Die Event-Reihe lebte von einem starken Praxisbezug und einem gro\u00dfen Networking-Anteil zwischen den Organisatoren, Teilnehmenden und Technologie- bzw. Projektexpert*innen aus erfahrenen Partnerunternehmen, die mit Ihren Anforderungen vertraut sind.<\/p>\n\n\n\n<p>Das Microsoft Tech for Social Impact-Team f\u00fcr Deutschland fungierte als Organisator und gab den jeweiligen Events einen Rahmen. Mit unseren Enterprise Cloud-Angeboten f\u00fcr Nonprofits stellten wir die technologische Grundlage f\u00fcr die Praxisbeispiele, lernten aus Ihren Anforderungen und standen Ihnen rund um Ihre Digitalisierungsstrategie w\u00e4hrend der NGO-Tour 2023 mit unseren Partnern zur Seite.<\/p>\n\n\n\n<p><strong>Diese Themen erwarteten Sie:<\/strong><\/p>\n\n\n\n\n\n<ul>\n<li><strong>Praxisvortr\u00e4ge von Microsoft-Kunden*innen<\/strong> zu konkreten Digitalisierungsprojekten (ERP usw.) mit ihren Implementierungspartnern,<\/li>\n\n<li>Experten-Session zum <strong>Thema Datenschutz und Compliance<\/strong> und den besonderen Anforderungen, die Sie ber\u00fccksichtigen m\u00fcssen, und<\/li>\n\n<li>Experten-Session zum <strong>Thema Cybersicherheit<\/strong> und der Frage, wie Sie ein produktives, sicheres Arbeitsumfeld schaffen und die wichtigsten Daten Ihrer Organisation bestm\u00f6glich sch\u00fctzen.<\/li><\/ul>\n\n\n\n<p>Pers\u00f6nliche Zusammenk\u00fcnfte und das<strong> interessante Community-Veranstaltungsformat, <\/strong>das sowohl Plenumsvortr\u00e4ge aus der Praxis, konkrete Handlungsempfehlungen sowie ausreichend Zeit f\u00fcr<strong> Networking und Begegnung <\/strong>geboten hat, standen im Vordergrund!<\/p>\n\n\n\n<p>Microsoft und seine auf Nonprofit-Organisationen spezialisierten Partner freuten sich auf die <strong>Vernetzung und den Erfahrungsaustausch<\/strong> mit Ihnen! Wir boten gut organisierte und <strong>entspannte Tour-Events an schnell erreichbaren Standorten<\/strong> f\u00fcr unsere deutschlandweiten Digitalisierungsverantwortlichen und weitere Entscheider aus dem Nonprofit-Sektor \u2013 jeweils unter <strong>Ber\u00fccksichtigung der aktuell geltenden Hygieneregeln.<\/strong><\/p>\n\n\n\n<p><strong>Die Teilnahme an unserer Microsoft NGO-Tour 2023 mit Partnern f\u00fcr und mit Nonprofit-Organisationen war f\u00fcr alle Teilnehmenden kostenlos und unverbindlich!<\/strong><\/p>\n\n\n\n<table>\n<tr>\n\n<td style=\"width: 100%;border: 5px solid #708090;padding: 15px\"><h3>Nachlese zur Microsoft NGO-Tour 2023 mit Partnern f\u00fcr und mit Nonprofit-Organisationen<\/h3>\n<p>Wir bedanken uns bei allen Gastgebern und Teilnehmenden f\u00fcr den regen Austausch. <\/p> \n<p>Gerne wollen wir unsere Nachlese zur Veranstaltungsreihe mit Ihnen teilen. Diese k\u00f6nnen Sie <a href=\"https:\/\/aka.ms\/ngo-tour-2023-nachlese\">hier<\/a> herunterladen.<\/p><\/td>\n<\/tr>\n<\/table>\n\n\n\n<h2 id=\"Termine\"><\/h2>\n<h2>Unsere Termine<\/h2>\n\n\n\n<p><p><strong>27. April 2023<\/strong> in Hamburg; <\/p>\n<p>Ganz besonders m\u00f6chten wir uns bei unserem Gastgeber CGI bedanken.<\/p>\n<p>34 Teilnehmer<\/p><\/p>\n\n\n\n<p>CGI, Caritas Berlin, Diakonie Kropp und viele NGO-Partner<\/p>\n\n\n\n<p><\/p>\n\n\n\n<hr>\n\n\n\n<p><strong>15. Mai 2023<\/strong> in K\u00f6ln; <\/p>\n<p>Ganz besonders m\u00f6chten wir uns bei unserem Gastgeber Malteser bedanken.<\/p>\n<p>74 Teilnehmer<\/p><\/p>\n\n\n\n<p>Malteser, Diakonie Nord NO, Diakonie Baden, Ev. LK Baden und viele NGO-Partner<\/p>\n\n\n\n<hr>\n\n\n\n<p><p><strong>17. Mai 2023<\/strong> in Wien;<\/p>\n<p>Ganz besonders m\u00f6chten wir uns bei unserem Gastgeber Vier Pfoten bedanken.<\/p><\/p>\n\n\n\n<p>45Teilnehmer<\/p>\n\n\n\n<p>SOS Kinderdorf int., KI-Themen und viele NGO-Partner<\/p>\n\n\n\n<hr>\n\n\n\n<p><strong>13. Juni 2023<\/strong> in Wiesbaden; <\/p>\n\n\n\n<p>Ganz besonders m\u00f6chten wir uns bei unserem Gastgeber DRK Landesverband Hessen bedanken.<\/p>\n\n\n\n<p>55 Teilnehmer<\/p>\n\n\n\n<p>DRK LV Hessen, World Vision, AWO Bezirksverband Baden e.V., Diakonisches Werk Westfalen-Lippe und viele NGO-Partner<\/p>\n\n\n\n<p><\/p>\n\n\n\n<hr>\n\n\n\n<p><strong>22. Juni 2023<\/strong> in M\u00fcnchen; <\/p>\n\n\n\n<p>Ganz besonders m\u00f6chten wir uns bei unserem Gastgeber SOS Kinderdorf bedanken.<\/p>\n\n\n\n<p>78 Teilnehmer<\/p>\n\n\n\n<p>SOS-Kinderdorf M\u00fcnchen, Ev. Heimstiftung, Ev. LK Bayern, Caritas Duisburg, Jesuiten und viele NGO-Partner<\/p>\n\n\n\n<h2 class=\"wp-block-heading\">Microsoft-Partner auf der NGO-Tour 2023<\/h2>\n\n\n\n<p><strong>Bitte studieren Sie auch die Webseiten Links unserer NGO-Tour-Partner<\/strong><\/p>\n\n\n\n<hr id=\"Alpha\">\n\n\n<figure class=\"wp-block-image size-full is-style-default\"><img decoding=\"async\" src=\"https:\/\/www.microsoft.com\/de-de\/industry\/blog\/wp-content\/uploads\/sites\/2\/2021\/12\/alpha_250x250.webp\" alt=\"Logo Alpha Variance Solutions\" class=\"wp-image-44541 webp-format\" srcset=\"\" data-orig-src=\"https:\/\/www.microsoft.com\/de-de\/industry\/blog\/wp-content\/uploads\/sites\/2\/2021\/12\/alpha_250x250.webp\"><\/figure>\n\n\n<p>Nach einem Jahrzehnt erfolgreicher Dynamics Implementierung f\u00fcr Fortune-500-Kunden wurde <strong>Alpha Variance Solutions<\/strong> von unserer Chefin Yuanming Chu in New York City gegr\u00fcndet. Seit 2015 wachsen wir kontinuierlich innerhalb des Microsoft-Partner Eco-Systems und sind als f\u00fchrender Partner f\u00fcr Retail Kunden bekannt und wollen diese Expertise nun in deutsche Nonprofit Organisationen einbringen. Unsere hohe Erfolgsbilanz bei der L\u00f6sungsfindung von komplexesten Kundenherausforderungen spricht f\u00fcr sich.<\/p>\n<p><!-- \/wp:post-content --><\/p>\n<p><!-- wp:paragraph --><\/p>\n<p>Wir sind stolz darauf, engagiert unseren Teil dazu beizutragen, die Basis f\u00fcr eine inklusive, vielf\u00e4ltige und reichhaltige Businesswelt formen zu helfen.<\/p>\n<p><!-- \/wp:paragraph --><\/p>\n<p><!-- wp:paragraph --><\/p>\n<p>F\u00fcr weitere Informationen finden Sie hier: <a href=\"https:\/\/www.alphavsolutions.com\/de\/the-microsoft-ngo-tour-2022\/\" target=\"_blank\" rel=\"noreferrer noopener\" data-wplink-edit=\"true\">L\u00f6sungen &#8211; Alpha Variance Solutions<\/a><\/p>\n<p><!-- wp:html --><\/p>\n<hr id=\"Althammer\" \/><!-- \/wp:html --><\/p>\n<p><!-- wp:image {\"id\":44208,\"sizeSlug\":\"full\",\"linkDestination\":\"none\",\"className\":\"is-style-default\"} --><\/p>\n<figure class=\"wp-block-image size-full is-style-default\"><img loading=\"lazy\" decoding=\"async\" width=\"250\" height=\"250\" class=\"wp-image-44208\" src=\"https:\/\/www.microsoft.com\/de-de\/industry\/blog\/wp-content\/uploads\/sites\/2\/2021\/12\/althammer-kill_250x250.jpg\" alt=\"Logo Althammer &amp; Kill\" srcset=\"https:\/\/www.microsoft.com\/de-de\/industry\/blog\/wp-content\/uploads\/sites\/2\/2021\/12\/althammer-kill_250x250.webp 250w, https:\/\/www.microsoft.com\/de-de\/industry\/blog\/wp-content\/uploads\/sites\/2\/2021\/12\/althammer-kill_250x250-150x150.webp 150w\" sizes=\"auto, (max-width: 250px) 100vw, 250px\" \/><\/figure>\n<p><!-- \/wp:image --><\/p>\n<p>Digitalisierung sicher gestalten \u2013 mit pragmatischen L\u00f6sungskonzepten von <strong>Althammer &amp; Kill<\/strong> an der Schnittstelle von Recht und Technik: Wir beraten bundesweit im Umfeld von Datenschutz, Informationssicherheit, Cloud- &amp; Cyber-Security und Compliance.<\/p>\n<p><!-- \/wp:paragraph --><\/p>\n<p>Unsere 40 Mitarbeitenden an den Standorten Hannover, D\u00fcsseldorf und Mannheim sind als externe Datenschutzbeauftragte, Informationssicherheits- und IT-Experten f\u00fcr mehr als 500 Kunden unterschiedlichster Branchen t\u00e4tig.<\/p>\n<p><!-- \/wp:paragraph --><\/p>\n<p><!-- wp:paragraph --><\/p>\n<p><!-- \/wp:paragraph --><\/p>\n<p><!-- wp:paragraph --><\/p>\n<p>Mehr erfahren Sie unter: <a href=\"https:\/\/www.althammer-kill.de\/microsoft-365-in-kirche-wohlfahrt\" target=\"_blank\" rel=\"noreferrer noopener\">Althammer &amp; Kill: Microsoft 365 in Kirche &amp; Wohlfahrt<\/a><\/p>\n<p><!-- wp:html --><\/p>\n<hr id=\"Ambit\" \/><!-- \/wp:html --><\/p>\n<p><!-- wp:image {\"id\":61125,\"sizeSlug\":\"full\",\"linkDestination\":\"none\",\"className\":\"is-style-default\"} --><\/p>\n<figure class=\"wp-block-image size-full is-style-default\"><img loading=\"lazy\" decoding=\"async\" width=\"250\" height=\"250\" class=\"wp-image-61125\" src=\"https:\/\/www.microsoft.com\/de-de\/industry\/blog\/wp-content\/uploads\/sites\/2\/2023\/04\/ambit_250x250.jpg\" alt=\"Logo ambit Group\" srcset=\"https:\/\/www.microsoft.com\/de-de\/industry\/blog\/wp-content\/uploads\/sites\/2\/2023\/04\/ambit_250x250.jpg 250w, https:\/\/www.microsoft.com\/de-de\/industry\/blog\/wp-content\/uploads\/sites\/2\/2023\/04\/ambit_250x250-150x150.jpg 150w\" sizes=\"auto, (max-width: 250px) 100vw, 250px\" \/><\/figure>\n<p><!-- \/wp:image --><\/p>\n<p>Die <strong>Ambit Group<\/strong> hat sich in den vergangenen Jahren intensiv in diesen Sektor eingearbeitet und enorme Synergien zu bereits etablierten L\u00f6sungen im Tourismus und Sport- &amp; Entertainment erkannt. W\u00e4hrend im Tourismus der Gast im Fokus steht und im Sport der Fan, stehen bei den NPO Mitglieder, Paten oder Spender im Mittelpunkt. Die Vielschichtigkeit der Beziehungen erfordert eine L\u00f6sung, die Prozesse von der Massenkommunikation bis hin zum pers\u00f6nlichen Treffen ad\u00e4quat abbilden kann. Als erfahrener CRM- und ERP-Partner setzt sich die Ambit Group seit \u00fcber 20 Jahren mit anspruchsvollen Gesch\u00e4ftsprozessen auseinander. Wir integrieren neue L\u00f6sungen in bestehende Systemlandschaften, oder \u00fcberf\u00fchren diese schrittweise auf die cloudbasierte Microsoft Plattform. Diese Projekte sind strategische Change Projekte und haben Einfluss auf die Organisation als Gesamtheit, auf ihre Prozesse, die Technologie und nicht zuletzt die Menschen, die dort arbeiten.<\/p>\n<p><!-- \/wp:paragraph --><\/p>\n<p><!-- wp:paragraph --><\/p>\n<p><!-- \/wp:paragraph --><\/p>\n<p><!-- wp:paragraph --><\/p>\n<p>Mehr erfahren Sie unter: <a href=\"https:\/\/ambit-group.com\/branchen\/warum-npos-auf-microsoft-setzen-sollten\" target=\"_blank\" rel=\"noreferrer noopener\">https:\/\/ambit-group.com\/branchen\/warum-npos-auf-microsoft-setzen-sollten<\/a><\/p>\n<p><!-- wp:paragraph --><\/p>\n<p><!-- \/wp:paragraph --><\/p>\n<p><!-- wp:html --><\/p>\n<hr id=\"AppSphere\" \/><!-- \/wp:html --><\/p>\n<p><!-- wp:image {\"id\":61082,\"sizeSlug\":\"full\",\"linkDestination\":\"none\",\"className\":\"is-style-default\"} --><\/p>\n<figure class=\"wp-block-image size-full is-style-default\"><img decoding=\"async\" class=\"wp-image-61082\" src=\"https:\/\/www.microsoft.com\/de-de\/industry\/blog\/wp-content\/uploads\/sites\/2\/2023\/01\/ngo_tour_2023_appsphere_250x250.png\" alt=\"Logo der Firma Appsphere\" \/><\/figure>\n<p><!-- \/wp:image --><\/p>\n<p><!-- wp:paragraph --><\/p>\n<p>Die\u00a0<strong>AppSphere AG<\/strong>\u00a0unterst\u00fctzt Kund:innen bei der digitalen Transformation zum zukunftsf\u00e4higen Unternehmen.<\/p>\n<p><!-- \/wp:paragraph --><\/p>\n<p><!-- wp:paragraph --><\/p>\n<p>Ob Cloud, Infrastruktur und Mobility oder Collaboration, Prozesse und Workflows, ob Einstieg in oder Fortsetzung der digitalen Transformationsstrategie: AppSphere h\u00f6rt genau hin, analysiert, plant und entwickelt ganzheitliche, strategische und zukunftsweisende Digitalkonzepte.<\/p>\n<p><!-- \/wp:paragraph --><\/p>\n<p><!-- wp:paragraph --><\/p>\n<p>Wir sind bundesweit und in internationalen Projekten t\u00e4tig. Zu unseren Kund:innen z\u00e4hlen u. a. die\u00a0<a href=\"https:\/\/appsphere-ag.com\/referenzen?show=ref_ekvw_01\" target=\"_blank\" rel=\"noreferrer noopener\">Evangelische Kirche von Westfalen<\/a>, die Evangelische Landeskirche in W\u00fcrttemberg, Bistum Trier, das Bisch\u00f6fliche Ordinariat Limburg, der deutsche Orden sowie verschiedene Caritasverb\u00e4nde. Au\u00dferdem sind wir seit 2021 Mitglied der\u00a0<a href=\"https:\/\/www.kviinitiative.de\/consulting.html\" target=\"_blank\" rel=\"noreferrer noopener\">KVI-Initiative \u2013 Kirche, Verwaltung und Informationen<\/a>.<\/p>\n<p><!-- \/wp:paragraph --><\/p>\n<p><!-- wp:paragraph --><\/p>\n<p>Weitere Informationen unter:\u00a0<a href=\"https:\/\/nam06.safelinks.protection.outlook.com\/?url=https%3A%2F%2Fappsphere.com%2F&amp;data=05%7C01%7Cv-julianbla%40microsoft.com%7C8e8029ad2f13433fa55a08db2eb8c7eb%7C72f988bf86f141af91ab2d7cd011db47%7C1%7C0%7C638155143452807187%7CUnknown%7CTWFpbGZsb3d8eyJWIjoiMC4wLjAwMDAiLCJQIjoiV2luMzIiLCJBTiI6Ik1haWwiLCJXVCI6Mn0%3D%7C3000%7C%7C%7C&amp;sdata=Co3wMbKJQOvFVL4xi2KPCq8YtA2akIyJbmLoElRikmQ%3D&amp;reserved=0\">www.appsphere.com<\/a><\/p>\n<p><!-- \/wp:paragraph --><\/p>\n<p><!-- wp:html --><\/p>\n<hr id=\"Avanade\" \/><!-- \/wp:html --><\/p>\n<p><!-- wp:image {\"id\":43905,\"sizeSlug\":\"full\",\"linkDestination\":\"none\",\"className\":\"is-style-default\"} --><\/p>\n<figure class=\"wp-block-image size-full is-style-default\"><img loading=\"lazy\" decoding=\"async\" width=\"250\" height=\"250\" class=\"wp-image-43905\" src=\"https:\/\/www.microsoft.com\/de-de\/industry\/blog\/wp-content\/uploads\/sites\/2\/2021\/12\/avanade_250x250-61baf56d9fc1c.jpg\" alt=\"Logo Avanade\" srcset=\"https:\/\/www.microsoft.com\/de-de\/industry\/blog\/wp-content\/uploads\/sites\/2\/2021\/12\/avanade_250x250-61baf56d9fc1c.webp 250w, https:\/\/www.microsoft.com\/de-de\/industry\/blog\/wp-content\/uploads\/sites\/2\/2021\/12\/avanade_250x250-61baf56d9fc1c-150x150.webp 150w\" sizes=\"auto, (max-width: 250px) 100vw, 250px\" \/><\/figure>\n<p><!-- \/wp:image --><\/p>\n<p><!-- wp:paragraph --><\/p>\n<p><strong>Avanade<\/strong>\u00a0ist ein f\u00fchrender Anbieter von digitalen Services, Business- und Cloud-L\u00f6sungen sowie designorientierten Anwendungen. Unsere Spezialisten entwickeln auf Basis des Microsoft-\u00d6kosystems f\u00fcr jeden einzelnen Kunden die optimale L\u00f6sung. Wir von Avanade stehen f\u00fcr frisches und modernes Denken.<\/p>\n<p><!-- \/wp:paragraph --><\/p>\n<p><!-- wp:paragraph --><\/p>\n<p>Unsere Experten entwickeln relevante Branchenl\u00f6sungen f\u00fcr gemeinn\u00fctzige Organisationen, die dabei unterst\u00fctzen, den immer komplexer werdenden Herausforderungen zu begegnen. Das macht uns zum Wegbereiter der digitalen Transformation mit dem Ziel: die Wirkung Ihrer sozialen oder humanit\u00e4ren Hilfe zu steigern.<\/p>\n<p><!-- \/wp:paragraph --><\/p>\n<p><!-- wp:paragraph --><\/p>\n<p>Weitere Informationen unter:\u00a0<a href=\"https:\/\/www.avanade.com\/de-de\/industry\/nonprofit\" target=\"_blank\" rel=\"noreferrer noopener\">Digitale L\u00f6sungen f\u00fcr gemeinn\u00fctzige Organisationen<\/a><\/p>\n<p><!-- \/wp:paragraph --><\/p>\n<p><!-- wp:html --><\/p>\n<hr id=\"Bechtle\" \/><!-- \/wp:html --><\/p>\n<p><!-- wp:image {\"id\":61197,\"width\":257,\"height\":257,\"sizeSlug\":\"full\",\"linkDestination\":\"none\",\"className\":\"is-style-default\"} --><\/p>\n<figure class=\"wp-block-image size-full is-resized is-style-default\"><img loading=\"lazy\" decoding=\"async\" class=\"wp-image-61197\" src=\"https:\/\/www.microsoft.com\/de-de\/industry\/blog\/wp-content\/uploads\/sites\/2\/2023\/04\/bechtle_1000x1000.jpg\" alt=\"Logo Bechtle\" width=\"257\" height=\"257\" srcset=\"https:\/\/www.microsoft.com\/de-de\/industry\/blog\/wp-content\/uploads\/sites\/2\/2023\/04\/bechtle_1000x1000.jpg 1000w, https:\/\/www.microsoft.com\/de-de\/industry\/blog\/wp-content\/uploads\/sites\/2\/2023\/04\/bechtle_1000x1000-300x300.jpg 300w, https:\/\/www.microsoft.com\/de-de\/industry\/blog\/wp-content\/uploads\/sites\/2\/2023\/04\/bechtle_1000x1000-150x150.jpg 150w, https:\/\/www.microsoft.com\/de-de\/industry\/blog\/wp-content\/uploads\/sites\/2\/2023\/04\/bechtle_1000x1000-768x768.jpg 768w, https:\/\/www.microsoft.com\/de-de\/industry\/blog\/wp-content\/uploads\/sites\/2\/2023\/04\/bechtle_1000x1000-800x800.jpg 800w, https:\/\/www.microsoft.com\/de-de\/industry\/blog\/wp-content\/uploads\/sites\/2\/2023\/04\/bechtle_1000x1000-400x400.jpg 400w\" sizes=\"auto, (max-width: 257px) 100vw, 257px\" \/><\/figure>\n<p><!-- \/wp:image --><\/p>\n<p><!-- wp:paragraph --><\/p>\n<p><strong>Bechtle<\/strong>\u00a0ist Deutschlands gr\u00f6\u00dftes unabh\u00e4ngiges IT-Systemhaus und europaweit mit \u00fcber 85 Tochtergesellschaften vertreten. Das Unternehmen treibt die Digitalisierung, Cloud Computing, Mobilit\u00e4t, Sicherheit und IT-as-a-Service voran.<\/p>\n<p><!-- \/wp:paragraph --><\/p>\n<p><!-- wp:paragraph --><\/p>\n<p>Als Microsoft Cloud Partner erreicht Bechtle den h\u00f6chsten Status und verf\u00fcgt \u00fcber mehr als 80.000 Kunden in Europa. Bechtle-Tochtergesellschaften vertreiben moderne Workplace-, Azure- und Dynamics 365-Produkte. In Azure und Microsoft 365 wurden \u00fcber 560 Berater und Vertriebsspezialisten ausgebildet und mehr als 900 Microsoft-Zertifizierungen abgelegt.<\/p>\n<p><!-- \/wp:paragraph --><\/p>\n<p><!-- wp:paragraph --><\/p>\n<p>Weitere Informationen unter:\u00a0<a href=\"https:\/\/www.bechtle.com\/marken\/microsoft\" target=\"_blank\" rel=\"noreferrer noopener\">https:\/\/www.bechtle.com\/marken\/microsoft<\/a><\/p>\n<p><!-- \/wp:paragraph --><\/p>\n<p><!-- wp:html --><\/p>\n<hr id=\"CGI\" \/><!-- \/wp:html --><\/p>\n<p><!-- wp:image {\"id\":44223,\"sizeSlug\":\"full\",\"linkDestination\":\"none\",\"className\":\"is-style-default\"} --><\/p>\n<figure class=\"wp-block-image size-full is-style-default\"><img loading=\"lazy\" decoding=\"async\" width=\"250\" height=\"250\" class=\"wp-image-44223\" src=\"https:\/\/www.microsoft.com\/de-de\/industry\/blog\/wp-content\/uploads\/sites\/2\/2021\/12\/CGI_250x250-61bb4336d16a6.jpg\" alt=\"Logo CGI\" srcset=\"https:\/\/www.microsoft.com\/de-de\/industry\/blog\/wp-content\/uploads\/sites\/2\/2021\/12\/CGI_250x250-61bb4336d16a6.webp 250w, https:\/\/www.microsoft.com\/de-de\/industry\/blog\/wp-content\/uploads\/sites\/2\/2021\/12\/CGI_250x250-61bb4336d16a6-150x150.webp 150w\" sizes=\"auto, (max-width: 250px) 100vw, 250px\" \/><\/figure>\n<p><!-- \/wp:image --><\/p>\n<p><!-- wp:paragraph --><\/p>\n<p><strong>CGI<\/strong>\u00a0wurde 1976 gegr\u00fcndet und geh\u00f6rt zu den gr\u00f6\u00dften Unternehmen f\u00fcr IT und Business Consulting. Wir kennen die Branchen unserer Kundinnen und Kunden, handeln ergebnisorientiert und helfen Ihnen so, den Return on Investment in Business und IT zu steigern.<\/p>\n<p><!-- \/wp:paragraph --><\/p>\n<p><!-- wp:paragraph --><\/p>\n<p>Durch unsere Kundenn\u00e4he entstehen vertrauensvolle Beziehungen und unsere Branchen- und Technologiekompetenz erm\u00f6glicht es Ihnen, die Bed\u00fcrfnisse Ihrer Zielgruppen zu erf\u00fcllen.<\/p>\n<p><!-- \/wp:paragraph --><\/p>\n<p><!-- wp:paragraph --><\/p>\n<p>Weitere Informationen auf:\u00a0<a href=\"http:\/\/www.cgi.com\/\" target=\"_blank\" rel=\"noreferrer noopener\">www.cgi.com<\/a><\/p>\n<p><!-- \/wp:paragraph --><\/p>\n<p><!-- wp:html --><\/p>\n<hr id=\"Cloud\" \/><!-- \/wp:html --><\/p>\n<p><!-- wp:image {\"id\":61203,\"sizeSlug\":\"full\",\"linkDestination\":\"none\",\"className\":\"is-style-default\"} --><\/p>\n<figure class=\"wp-block-image size-full is-style-default\"><img loading=\"lazy\" decoding=\"async\" width=\"250\" height=\"250\" class=\"wp-image-61203\" src=\"https:\/\/www.microsoft.com\/de-de\/industry\/blog\/wp-content\/uploads\/sites\/2\/2023\/04\/CloudAstro_500x500-e1685699585834.jpg\" alt=\"Logo CloudAstro\" srcset=\"https:\/\/www.microsoft.com\/de-de\/industry\/blog\/wp-content\/uploads\/sites\/2\/2023\/04\/CloudAstro_500x500-e1685699585834.jpg 250w, https:\/\/www.microsoft.com\/de-de\/industry\/blog\/wp-content\/uploads\/sites\/2\/2023\/04\/CloudAstro_500x500-e1685699585834-150x150.jpg 150w\" sizes=\"auto, (max-width: 250px) 100vw, 250px\" \/><\/figure>\n<p><!-- \/wp:image --><\/p>\n<p><!-- wp:paragraph --><\/p>\n<p>Wir bei\u00a0<strong>CloudAstro<\/strong>\u00a0helfen unseren Kunden, die Geschwindigkeit, Agilit\u00e4t und DevOps-Effizienz ihrer Cloud-Umgebungen zu maximieren, indem wir das volle Potenzial der Cloud-Native-Funktionen aussch\u00f6pfen.<\/p>\n<p><!-- \/wp:paragraph --><\/p>\n<p><!-- wp:paragraph --><\/p>\n<p>Dabei machen wir unsere Kunden fit f\u00fcr die Cloud \u2013 Schnell, Agil und Sicher.<\/p>\n<p><!-- \/wp:paragraph --><\/p>\n<p><!-- wp:paragraph --><\/p>\n<p>Weitere Informationen unter:\u00a0<a href=\"https:\/\/www.cloudastro.de\/\" target=\"_blank\" rel=\"noreferrer noopener\">https:\/\/www.cloudastro.de\/<\/a><\/p>\n<p><!-- \/wp:paragraph --><\/p>\n<p><!-- wp:html --><\/p>\n<hr id=\"CRMFIRST\" \/><!-- \/wp:html --><\/p>\n<p><!-- wp:image {\"id\":44640,\"sizeSlug\":\"full\",\"linkDestination\":\"none\",\"className\":\"is-style-default\"} --><\/p>\n<figure class=\"wp-block-image size-full is-style-default\"><img loading=\"lazy\" decoding=\"async\" width=\"250\" height=\"250\" class=\"wp-image-44640\" src=\"https:\/\/www.microsoft.com\/de-de\/industry\/blog\/wp-content\/uploads\/sites\/2\/2021\/12\/CRMfirst_250x250-61c02e12ba702.jpg\" alt=\"Logo CRM Frist\" srcset=\"https:\/\/www.microsoft.com\/de-de\/industry\/blog\/wp-content\/uploads\/sites\/2\/2021\/12\/CRMfirst_250x250-61c02e12ba702.webp 250w, https:\/\/www.microsoft.com\/de-de\/industry\/blog\/wp-content\/uploads\/sites\/2\/2021\/12\/CRMfirst_250x250-61c02e12ba702-150x150.webp 150w\" sizes=\"auto, (max-width: 250px) 100vw, 250px\" \/><\/figure>\n<p><!-- \/wp:image --><\/p>\n<p><!-- wp:paragraph --><\/p>\n<p><strong>CRMFIRST<\/strong>\u00a0ist der innovative Dienstleistungspartner f\u00fcr die Umsetzung von Transformationsprojekten zur Einf\u00fchrung von Digitalisierungsstrategien sowie von Customer-Engagement-Projekten auf der Basis von Microsoft Dynamics 365. Hervorgegangen aus dem herstellerunabh\u00e4ngigen CRM-Beratungs- und Implementierungshaus libracon GmbH verf\u00fcgt CRMFIRST \u00fcber eine mehr als 20-j\u00e4hrige Historie und Erfahrung in der erfolgreichen Realisierung und Betreuung von CRM-Systemen bei Mittelstands- und Gro\u00dfkunden. CRMFIRST zeichnet sich durch seine klare Branchenfokussierung, seine technische Kompetenz und langj\u00e4hrige Erfahrung, seine Innovationskraft, seine Partnerschaften mit anderen L\u00f6sungsanbietern sowie ein umfassendes Leistungsportfolio f\u00fcr eine langfristige und partnerschaftliche Zusammenarbeit mit seinen Kunden aus.<\/p>\n<p><!-- \/wp:paragraph --><\/p>\n<p><!-- wp:paragraph --><\/p>\n<p>Weitere Informationen unter:\u00a0<a href=\"https:\/\/www.crmfirst.de\/\" target=\"_blank\" rel=\"noreferrer noopener\">https:\/\/www.crmfirst.de\/<\/a><\/p>\n<p><!-- \/wp:paragraph --><\/p>\n<p><!-- wp:html --><\/p>\n<hr id=\"Digitall\" \/><!-- \/wp:html --><\/p>\n<p><!-- wp:image {\"id\":61293,\"sizeSlug\":\"full\",\"linkDestination\":\"none\",\"className\":\"is-style-default\"} --><\/p>\n<figure class=\"wp-block-image size-full is-style-default\"><img loading=\"lazy\" decoding=\"async\" width=\"250\" height=\"250\" class=\"wp-image-61293\" src=\"https:\/\/www.microsoft.com\/de-de\/industry\/blog\/wp-content\/uploads\/sites\/2\/2023\/05\/digitall_250x250.jpg\" alt=\"Logo Digitall\" srcset=\"https:\/\/www.microsoft.com\/de-de\/industry\/blog\/wp-content\/uploads\/sites\/2\/2023\/05\/digitall_250x250.jpg 250w, https:\/\/www.microsoft.com\/de-de\/industry\/blog\/wp-content\/uploads\/sites\/2\/2023\/05\/digitall_250x250-150x150.jpg 150w\" sizes=\"auto, (max-width: 250px) 100vw, 250px\" \/><\/figure>\n<p><!-- \/wp:image --><\/p>\n<p><!-- wp:paragraph --><\/p>\n<p><strong>Digitall<\/strong>\u00a0ist ein starker Beratungs- und Implementierungs-Partner von Microsoft-L\u00f6sungen in der digitalen Transformation und der digital Cloud Experience f\u00fcr Non-Profit Organisationen. Wir unterst\u00fctzen Sie von der 360\u00b0-Ansicht Ihrer Spender:innen bis zum Reporting.<\/p>\n<p><!-- \/wp:paragraph --><\/p>\n<p><!-- wp:paragraph --><\/p>\n<p>Als zertifizierter Solution Partner von Microsoft haben wir seit 2004 mehr als 1500 Microsoft-Projekte in mehr als 100 L\u00e4ndern erfolgreich umgesetzt. Mit der Einf\u00fchrung des Verbandsmanagements bei dem\u00a0<a href=\"https:\/\/global.digitall.com\/de\/referenz-diakonie-implementierung-microsoft-dynamics\" target=\"_blank\" rel=\"noreferrer noopener\">Diakonisches Werk Rheinland-Westfalen-Lippe e. V.<\/a>\u00a0auf Basis von Microsoft Dynamics, konnte ein standort\u00fcbergreifender Zugriff auf die Mitglieds- und Statistikdaten geschaffen werden.<\/p>\n<p><!-- \/wp:paragraph --><\/p>\n<p><!-- wp:paragraph --><\/p>\n<p>Lassen Sie uns auch Ihnen dabei helfen, die Effizienz und Effektivit\u00e4t der Arbeitsabl\u00e4ufe zu steigern. Kontaktieren Sie uns und lassen Sie uns gemeinsam Ihre digitale Zukunft gestalten. Hier erfahren Sie mehr \u00fcber unsere\u00a0<a href=\"https:\/\/global.digitall.com\/de\/microsoft-reselling-implementierung-partner?__hstc=119335958.5ce562c90c11d7df76f85a14397e760d.1668523422879.1668523422879.1668523422879.1&amp;__hssc=119335958.1.166852342287\" target=\"_blank\" rel=\"noreferrer noopener\">Partnerschaft mit Microsoft<\/a>.<\/p>\n<p><!-- \/wp:paragraph --><\/p>\n<p><!-- wp:html --><\/p>\n<hr id=\"enthus\" \/><!-- \/wp:html --><\/p>\n<p><!-- wp:image {\"id\":61024,\"width\":226,\"height\":226,\"sizeSlug\":\"large\",\"linkDestination\":\"none\",\"className\":\"is-style-default\"} --><\/p>\n<figure class=\"wp-block-image size-large is-resized is-style-default\"><img loading=\"lazy\" decoding=\"async\" class=\"wp-image-61024\" src=\"https:\/\/www.microsoft.com\/de-de\/industry\/blog\/wp-content\/uploads\/sites\/2\/2023\/02\/enthus_app_icon_01_weis_RZ-002-1024x1024.png\" alt=\"logo enthus\" width=\"226\" height=\"226\" \/><\/figure>\n<p><!-- \/wp:image --><\/p>\n<p><!-- wp:paragraph --><\/p>\n<p><strong>enthus<\/strong>\u00a0| Kurzform f\u00fcr Enthusiasmus. Bestform f\u00fcr IT. \u00dcber 500 Enthusiast:innen an 10 Standorten in Deutschland, \u00d6sterreich und der Schweiz sind leidenschaftliche #erfolgreichmacher f\u00fcr IT und Digitalisierung. Damit z\u00e4hlen wir zu den 25 gr\u00f6\u00dften IT-Dienstleistern der DACH Region. Die Wurzeln unseres Unternehmens reichen bis ins Jahr 1990 zur\u00fcck. Dabei haben wir unser Ziel nie aus den Augen verloren: F\u00fcr unsere Kunden der Schl\u00fcssel zum Erfolg zu sein.<\/p>\n<p><!-- \/wp:paragraph --><\/p>\n<p><!-- wp:paragraph --><\/p>\n<p>Aus unserem Erfahrungsschatz und dem Anspruch, immer am technologischen Puls der Zeit zu sein, k\u00f6nnen wir heute einen am Markt einzigartigen Kompetenzmix innovativer IT-L\u00f6sungen, Managed Services &amp; XaaS sowie smarten L\u00f6sungen f\u00fcr digitale Gesch\u00e4ftsprozesse bieten.<br \/>Als Wegweiser, Innovatoren, Ratgeber und leidenschaftliche, kompetente Helfer sind wir #yourfirstchoice auf dem Weg ins digitale Zeitalter. Denn Herausforderungen l\u00f6st man am besten im Schulterschluss \u2013 partnerschaftlich und auf Augenh\u00f6he.<\/p>\n<p><!-- \/wp:paragraph --><\/p>\n<p><!-- wp:paragraph --><\/p>\n<p>Weitere Informationen unter:\u00a0<a href=\"http:\/\/www.enthus.de\/\" target=\"_blank\" rel=\"noreferrer noopener\">www.enthus.de<\/a><\/p>\n<p><!-- \/wp:paragraph --><\/p>\n<p><!-- wp:html --><\/p>\n<hr id=\"ifunds\" \/><!-- \/wp:html --><\/p>\n<p><!-- wp:image {\"id\":61081,\"sizeSlug\":\"full\",\"linkDestination\":\"none\",\"className\":\"is-style-default\"} --><\/p>\n<figure class=\"wp-block-image size-full is-style-default\"><img loading=\"lazy\" decoding=\"async\" width=\"250\" height=\"250\" class=\"wp-image-61081\" src=\"https:\/\/www.microsoft.com\/de-de\/industry\/blog\/wp-content\/uploads\/sites\/2\/2023\/01\/ngo_tour_2023_ifunds_250x250.png\" alt=\"Logo ifunds\" srcset=\"https:\/\/www.microsoft.com\/de-de\/industry\/blog\/wp-content\/uploads\/sites\/2\/2023\/01\/ngo_tour_2023_ifunds_250x250.webp 250w, https:\/\/www.microsoft.com\/de-de\/industry\/blog\/wp-content\/uploads\/sites\/2\/2023\/01\/ngo_tour_2023_ifunds_250x250-150x150.webp 150w\" sizes=\"auto, (max-width: 250px) 100vw, 250px\" \/><\/figure>\n<p><!-- \/wp:image --><\/p>\n<p><!-- wp:paragraph --><\/p>\n<p>F\u00fcr Non-Profit-Organisationen gelten andere Standards als f\u00fcr Wirtschaftsunternehmen.<br \/>Als ein auf Non-Profit-Organisationen spezialisiertes Dienstleistungsunternehmen unterst\u00fctzt und begleitet die\u00a0<strong>Ifunds Germany GmbH<\/strong>\u00a0seit vielen Jahren Hilfsorganisationen bei allen Fragen des Fundraisings.<br \/>Die jahrelange Praxiserfahrung aus der Zusammenarbeit mit Non-Profit-Unternehmen bilden<br \/>die Expertise unserer Mitarbeiter*innen. Durch eine st\u00e4ndige Weiterentwicklung und Anpassung an die unterschiedlichsten Anforderungen des Fundraisings entstanden unsere Fundraising-Automation-Systeme. Flexibel auf individuelle L\u00f6sungen zugeschnitten, funktioniert unser Einsatz gleicherma\u00dfen f\u00fcr gro\u00dfe und f\u00fcr kleine Projekte.<\/p>\n<p><!-- \/wp:paragraph --><\/p>\n<p><!-- wp:paragraph --><\/p>\n<p>Weitere Informationen unter:\u00a0<a href=\"http:\/\/www.ifunds-germany.de\/\" target=\"_blank\" rel=\"noreferrer noopener\">www.ifunds-germany.de<\/a><\/p>\n<p><!-- \/wp:paragraph --><\/p>\n<p><!-- wp:html --><\/p>\n<hr id=\"Logiway\" \/><!-- \/wp:html --><\/p>\n<p><!-- wp:image {\"id\":43923,\"sizeSlug\":\"full\",\"linkDestination\":\"none\",\"className\":\"is-style-default\"} --><\/p>\n<figure class=\"wp-block-image size-full is-style-default\"><img loading=\"lazy\" decoding=\"async\" width=\"250\" height=\"250\" class=\"wp-image-43923\" src=\"https:\/\/www.microsoft.com\/de-de\/industry\/blog\/wp-content\/uploads\/sites\/2\/2021\/12\/Logiway_250x250.jpg\" alt=\"Logo Logiway\" srcset=\"https:\/\/www.microsoft.com\/de-de\/industry\/blog\/wp-content\/uploads\/sites\/2\/2021\/12\/Logiway_250x250.webp 250w, https:\/\/www.microsoft.com\/de-de\/industry\/blog\/wp-content\/uploads\/sites\/2\/2021\/12\/Logiway_250x250-150x150.webp 150w\" sizes=\"auto, (max-width: 250px) 100vw, 250px\" \/><\/figure>\n<p><!-- \/wp:image --><\/p>\n<p><!-- wp:paragraph --><\/p>\n<p><strong>Logiway<\/strong>\u00a0ist marktf\u00fchrender IT-Partner f\u00fcr gemeinn\u00fctzige Einrichtungen. Seit 2002 beschleunigen wir Digitalisierungsthemen in Organisationen aus Kirche, Wohlfahrt und Gesundheitswesen.<\/p>\n<p><!-- \/wp:paragraph --><\/p>\n<p><!-- wp:paragraph --><\/p>\n<p>Wir betreuen Kunden jeder Branche und Gr\u00f6\u00dfe: von gro\u00dfen Rechenzentren und Krankenh\u00e4usern \u00fcber Sportverb\u00e4nde bis zu Kindertagesst\u00e4tten mit wenigen Rechnern. Dabei verstehen wir uns als Vermittler zwischen technologischen M\u00f6glichkeiten und den jeweiligen Anforderungen unserer Kunden. Wir finden immer genau die richtige L\u00f6sung und den passenden Service.<\/p>\n<p><!-- \/wp:paragraph --><\/p>\n<p><!-- wp:paragraph --><\/p>\n<p>Weitere Informationen unter:\u00a0<a href=\"http:\/\/www.logiway.de\/\" target=\"_blank\" rel=\"noreferrer noopener\">www.logiway.de<\/a><\/p>\n<p><!-- \/wp:paragraph --><\/p>\n<p><!-- wp:html --><\/p>\n<hr id=\"ndberatung\" \/><!-- \/wp:html --><\/p>\n<p><!-- wp:image {\"id\":61062,\"sizeSlug\":\"full\",\"linkDestination\":\"none\",\"className\":\"is-style-default\"} --><\/p>\n<figure class=\"wp-block-image size-full is-style-default\"><img loading=\"lazy\" decoding=\"async\" width=\"250\" height=\"250\" class=\"wp-image-61062\" src=\"https:\/\/www.microsoft.com\/de-de\/industry\/blog\/wp-content\/uploads\/sites\/2\/2023\/01\/ndberatung.png\" alt=\"Logo ndberatung\" srcset=\"https:\/\/www.microsoft.com\/de-de\/industry\/blog\/wp-content\/uploads\/sites\/2\/2023\/01\/ndberatung.webp 250w, https:\/\/www.microsoft.com\/de-de\/industry\/blog\/wp-content\/uploads\/sites\/2\/2023\/01\/ndberatung-150x150.webp 150w\" sizes=\"auto, (max-width: 250px) 100vw, 250px\" \/><\/figure>\n<p><!-- \/wp:image --><\/p>\n<p><!-- wp:paragraph --><\/p>\n<p>Ihr Lotse in Sachen Digitalisierung &amp; Datenschutz. Die Einf\u00fchrung eines modernen, hybriden und sicheren Arbeitsplatzes mit\u00a0<strong>Microsoft 365<\/strong>\u00a0ist komplex, hat viele Facetten und wirft viele Fragen auf: Was kann die Microsoft 365 Plattform und welche\u00a0<strong>Nutzungsszenarien<\/strong>\u00a0lassen sich dabei gewinnbringend abbilden und umsetzen?<br \/>Welche\u00a0<strong>Mehrwerte<\/strong>\u00a0werden generiert? Was sind die\u00a0<strong>rechtliche Rahmenbedingen<\/strong>? Wie steht es mit dem\u00a0<strong>Datenschutz<\/strong>? Ist die Plattform\u00a0<strong>DSGVO<\/strong>\u00a0und nach den\u00a0<strong>BSI-Standards<\/strong>\u00a0Konform? Wie\u00a0<strong>lizenzieren<\/strong>\u00a0wir das? Gemeinsam mit Ihnen beantworten wir diese Fragen und erarbeiten in Workshops die entsprechenden Einf\u00fchrungskonzepte.<\/p>\n<p><!-- \/wp:paragraph --><\/p>\n<p><!-- wp:paragraph --><\/p>\n<p>Weitere Informationen unter:\u00a0<a href=\"https:\/\/ndberatung.de\/\" target=\"_blank\" rel=\"noreferrer noopener\">www.ndberatung.de<\/a><\/p>\n<p><!-- \/wp:paragraph --><\/p>\n<p><!-- wp:html --><\/p>\n<hr id=\"Neos\" \/><!-- \/wp:html --><\/p>\n<p><!-- wp:image {\"id\":43926,\"sizeSlug\":\"full\",\"linkDestination\":\"none\",\"className\":\"is-style-default\"} --><\/p>\n<figure class=\"wp-block-image size-full is-style-default\"><img loading=\"lazy\" decoding=\"async\" width=\"250\" height=\"250\" class=\"wp-image-43926\" src=\"https:\/\/www.microsoft.com\/de-de\/industry\/blog\/wp-content\/uploads\/sites\/2\/2021\/12\/NEOS_250x250.jpg\" alt=\"Logo Neos\" srcset=\"https:\/\/www.microsoft.com\/de-de\/industry\/blog\/wp-content\/uploads\/sites\/2\/2021\/12\/NEOS_250x250.webp 250w, https:\/\/www.microsoft.com\/de-de\/industry\/blog\/wp-content\/uploads\/sites\/2\/2021\/12\/NEOS_250x250-150x150.webp 150w\" sizes=\"auto, (max-width: 250px) 100vw, 250px\" \/><\/figure>\n<p><!-- \/wp:image --><\/p>\n<p><!-- wp:paragraph --><\/p>\n<p><strong>Neos\u00a0<\/strong>IT ist ein erfahrener IT-Service-Provider und Microsoft Gold-Partner mit Schwerpunkten auf die sichere Cloud und dem digitalen Arbeitsplatz. Das inhabergef\u00fchrte Unternehmen mit Sitz in M\u00fcnchen legt gro\u00dfen Wert darauf, den deutschen Mittelstand und gemeinn\u00fctzige Organisationen auf Augenh\u00f6he bei IT-Herausforderungen mit Fokus auf IT-Sicherheit und Datenschutz zu unterst\u00fctzen.<\/p>\n<p><!-- \/wp:paragraph --><\/p>\n<p><!-- wp:paragraph --><\/p>\n<p>Zu unseren Projekten im Nonprofit-Bereich geh\u00f6ren Azure-Migrationen und die Einf\u00fchrung von Azure Virtual Desktop. Wir haben zuletzt die\u00a0<a href=\"https:\/\/www.neosit.com\/de\/projekt-Lebenshilfe.html\" target=\"_blank\" rel=\"noreferrer noopener\">Lebenshilfe f\u00fcr Behinderte e.V. Schweinfurt<\/a>\u00a0bei ihrer Migration vorhandener Applikationen zu Azure und der Einf\u00fchrung von WorkZone als Virtual-Desktop-L\u00f6sung begleitet.<\/p>\n<p><!-- \/wp:paragraph --><\/p>\n<p><!-- wp:paragraph --><\/p>\n<p>Weitere Informationen unter:\u00a0<a href=\"https:\/\/go.neosit.com\/ngo-tour-23\">https:\/\/go.neosit.com\/ngo-tour-23<\/a><\/p>\n<p><!-- \/wp:paragraph --><\/p>\n<p><!-- wp:html --><\/p>\n<hr id=\"nteam\" \/><!-- \/wp:html --><\/p>\n<p><!-- wp:image {\"id\":43929,\"sizeSlug\":\"full\",\"linkDestination\":\"none\",\"className\":\"is-style-default\"} --><\/p>\n<figure class=\"wp-block-image size-full is-style-default\"><img loading=\"lazy\" decoding=\"async\" width=\"250\" height=\"250\" class=\"wp-image-43929\" src=\"https:\/\/www.microsoft.com\/de-de\/industry\/blog\/wp-content\/uploads\/sites\/2\/2021\/12\/nteam_250x250.jpg\" alt=\"Logo nteam\" srcset=\"https:\/\/www.microsoft.com\/de-de\/industry\/blog\/wp-content\/uploads\/sites\/2\/2021\/12\/nteam_250x250.webp 250w, https:\/\/www.microsoft.com\/de-de\/industry\/blog\/wp-content\/uploads\/sites\/2\/2021\/12\/nteam_250x250-150x150.webp 150w\" sizes=\"auto, (max-width: 250px) 100vw, 250px\" \/><\/figure>\n<p><!-- \/wp:image --><\/p>\n<p><!-- wp:paragraph --><\/p>\n<p><strong>nteam<\/strong>\u00a0ber\u00e4t und unterst\u00fctzt seit \u00fcber 24 Jahren mit ca. 45 Mitarbeitern Unternehmen bei der modernen Kommunikation und Zusammenarbeit. In gemeinsamen Projekten f\u00fchren wir innovative Arbeitsweisen ein und steigern direkt die Produktivit\u00e4t von Unternehmen. Wir schaffen produktives Teamwork durch partnerschaftliche IT-Dienstleistungen und Beratung und \u00fcberzeugen durch Qualit\u00e4t, langj\u00e4hrige Erfahrung und Expertenwissen in zuk\u00fcnftigen Microsoft Technologien.<\/p>\n<p><!-- \/wp:paragraph --><\/p>\n<p><!-- wp:paragraph --><\/p>\n<p>Unsere Leistungen umfassen Beratung, Dienstleistung, die Unterst\u00fctzung in der Administration, die Entwicklung, aber auch die Weiterentwicklung von Umgebungen in der Cloud, on-premise oder hybrid.<\/p>\n<p><!-- \/wp:paragraph --><\/p>\n<p><!-- wp:paragraph --><\/p>\n<p>Weitere Informationen finden Sie hier:\u00a0<a href=\"https:\/\/nteam.de\/\" target=\"_blank\" rel=\"noreferrer noopener\">https:\/\/nteam.de\/<\/a><\/p>\n<p><!-- \/wp:paragraph --><\/p>\n<p><!-- wp:html --><\/p>\n<hr id=\"phat\" \/><!-- \/wp:html --><\/p>\n<p><!-- wp:image {\"id\":51231,\"sizeSlug\":\"full\",\"linkDestination\":\"none\",\"className\":\"is-style-default\"} --><\/p>\n<figure class=\"wp-block-image size-full is-style-default\"><img loading=\"lazy\" decoding=\"async\" width=\"250\" height=\"250\" class=\"wp-image-51231\" src=\"https:\/\/www.microsoft.com\/de-de\/industry\/blog\/wp-content\/uploads\/sites\/2\/2022\/04\/phat_250x250.jpg\" alt=\"Logo PHAT Consulting\" srcset=\"https:\/\/www.microsoft.com\/de-de\/industry\/blog\/wp-content\/uploads\/sites\/2\/2022\/04\/phat_250x250.webp 250w, https:\/\/www.microsoft.com\/de-de\/industry\/blog\/wp-content\/uploads\/sites\/2\/2022\/04\/phat_250x250-150x150.webp 150w\" sizes=\"auto, (max-width: 250px) 100vw, 250px\" \/><\/figure>\n<p><!-- \/wp:image --><\/p>\n<p><!-- wp:paragraph --><\/p>\n<p><strong>PHAT<\/strong>: das sind 89 Expert:innen f\u00fcr Informationstechnologie und Tomorrow Business. Wir inspirieren und begleiten unsere Kunden auf dem Weg in eine digitale, nachhaltige und lebenswerte Welt von morgen.<\/p>\n<p><!-- \/wp:paragraph --><\/p>\n<p><!-- wp:paragraph --><\/p>\n<p>Zur Erreichung von gesamtgesellschaftlich relevanten Zielen, wie den Sustainable Development Goals, kooperieren wir mit NGO und schlie\u00dfen Partnerschaften. Dabei teilen wir unsere F\u00e4higkeiten und gewinnen neue dazu. Als Team entwickeln wir so noch mehr Verst\u00e4ndnis und Achtsamkeit f\u00fcr wichtige Themenstellungen und machen diese zu unseren. Die neuen F\u00e4higkeiten und Sensibilisierungen tragen wir dann gezielt zur\u00fcck ins Team und geben sie an Kunden weiter.<\/p>\n<p><!-- \/wp:paragraph --><\/p>\n<p><!-- wp:paragraph --><\/p>\n<p>Weitere Informationen auf:\u00a0<a href=\"https:\/\/www.phatconsulting.de\/kategorie\/nachhaltigkeit\/\" target=\"_blank\" rel=\"noreferrer noopener\">Nachhaltigkeit \u2013 PHAT CONSULTING Hamburg<\/a><\/p>\n<p><!-- \/wp:paragraph --><\/p>\n<p><!-- wp:html --><\/p>\n<hr id=\"prolan\" \/><!-- \/wp:html --><\/p>\n<p><!-- wp:image {\"id\":61120,\"width\":233,\"height\":233,\"sizeSlug\":\"large\",\"linkDestination\":\"none\",\"className\":\"is-style-default\"} --><\/p>\n<figure class=\"wp-block-image size-large is-resized is-style-default\"><img loading=\"lazy\" decoding=\"async\" class=\"wp-image-61120\" src=\"https:\/\/www.microsoft.com\/de-de\/industry\/blog\/wp-content\/uploads\/sites\/2\/2023\/04\/PROLANSolutions_logo_blue_1058x1058-1024x1024.png\" alt=\"Logo Prolan Solutions\" width=\"233\" height=\"233\" \/><\/figure>\n<p><!-- \/wp:image --><\/p>\n<p><!-- wp:paragraph --><\/p>\n<p><strong>PROLAN Solutions<\/strong>\u00a0bietet umfangreiche Unterst\u00fctzung rund um die Einf\u00fchrung von Microsoft Fundraing and Engagement (F&amp;E), der Standardl\u00f6sung zur Verwaltung von Spenden, Mitgliedern und Ehrenamtlichen.<\/p>\n<p><!-- \/wp:paragraph --><\/p>\n<p><!-- wp:paragraph --><\/p>\n<p>Die Integration mit Online-Spendentools (wie z.B. der Fundraisingbox oder Twingle) schafft einen einheitlichen Blick auf Ihre Offline- wie Online-Fundraising-Kampagnen.<\/p>\n<p><!-- \/wp:paragraph --><\/p>\n<p><!-- wp:paragraph --><\/p>\n<p>Sowohl die Verbindung mit Dynamics Marketing zur Abbildung Ihrer Donor Journey, als auch die Anbindung Ihrer Finanzbuchhaltung, z.B. \u00fcber Business Central schafft ganzheitliche Werkzeuge f\u00fcr Ihre Organisation.<\/p>\n<p><!-- \/wp:paragraph --><\/p>\n<p><!-- wp:paragraph --><\/p>\n<p>Vereinbaren Sie mit uns ein unverbindliches Gespr\u00e4ch \u00fcber die M\u00f6glichkeiten die Ziele Ihrer Organisation zu unterst\u00fctzen.<\/p>\n<p><!-- \/wp:paragraph --><\/p>\n<p><!-- wp:paragraph --><\/p>\n<p>Weitere Informationen finden Sie hier:\u00a0<a href=\"https:\/\/www.prolan.io\/microsoft-cloud-for-non-profits.html\" target=\"_blank\" rel=\"noreferrer noopener\">https:\/\/www.prolan.io\/microsoft-cloud-for-non-profits.html<\/a><\/p>\n<p><!-- \/wp:paragraph --><\/p>\n<p><!-- wp:html --><\/p>\n<hr id=\"provectus\" \/><!-- \/wp:html --><\/p>\n<p><!-- wp:image {\"id\":43932,\"sizeSlug\":\"full\",\"linkDestination\":\"none\",\"className\":\"is-style-default\"} --><\/p>\n<figure class=\"wp-block-image size-full is-style-default\"><img loading=\"lazy\" decoding=\"async\" width=\"250\" height=\"250\" class=\"wp-image-43932\" src=\"https:\/\/www.microsoft.com\/de-de\/industry\/blog\/wp-content\/uploads\/sites\/2\/2021\/12\/provectus_250x250.jpg\" alt=\"Logo Provectus\" srcset=\"https:\/\/www.microsoft.com\/de-de\/industry\/blog\/wp-content\/uploads\/sites\/2\/2021\/12\/provectus_250x250.webp 250w, https:\/\/www.microsoft.com\/de-de\/industry\/blog\/wp-content\/uploads\/sites\/2\/2021\/12\/provectus_250x250-150x150.webp 150w\" sizes=\"auto, (max-width: 250px) 100vw, 250px\" \/><\/figure>\n<p><!-- \/wp:image --><\/p>\n<p><!-- wp:paragraph --><\/p>\n<p>Die\u00a0<strong>Provectus Technologies GmbH<\/strong>\u00a0ist ein gr\u00fcndergef\u00fchrter IT-Dienstleister mit Sitz in M\u00fcnchen. Mit innovativen Technologien begleitet Provectus gro\u00dfe und mittelst\u00e4ndische Unternehmen bei der digitalen Transformation ihrer IT stets unter der Pr\u00e4misse uneingeschr\u00e4nkter Sicherheit und Compliance sowie Stabilit\u00e4t und Verf\u00fcgbarkeit. Dabei greift Provectus auf die Expertise von \u00fcber 110 Mitarbeiter*innen und die Erfahrungswerte aus \u00fcber 20 Jahren im IT-Umfeld zur\u00fcck.<\/p>\n<p><!-- \/wp:paragraph --><\/p>\n<p><!-- wp:paragraph --><\/p>\n<p>Provectus agiert als Business Enabler mit dem Ziel, Unternehmen durch innovative Technologien bei der gewinnbringenden Nutzung von Cloud-Technologien, der Einf\u00fchrung und Optimierung von Modern Work sowie der strategischen Digitalisierung von Prozessen zu unterst\u00fctzen.<\/p>\n<p><!-- \/wp:paragraph --><\/p>\n<p><!-- wp:paragraph --><\/p>\n<p>Weitere Informationen finden Sie hier:\u00a0<a href=\"https:\/\/www.provectus.de\/\" target=\"_blank\" rel=\"noreferrer noopener\">www.provectus.de<\/a><\/p>\n<p><!-- \/wp:paragraph --><\/p>\n<p><!-- wp:html --><\/p>\n<hr id=\"sepago\" \/><!-- \/wp:html --><\/p>\n<p><!-- wp:image {\"id\":61093,\"width\":235,\"height\":235,\"sizeSlug\":\"full\",\"linkDestination\":\"none\",\"className\":\"is-style-default\"} --><\/p>\n<figure class=\"wp-block-image size-full is-resized is-style-default\"><img loading=\"lazy\" decoding=\"async\" class=\"wp-image-61093\" src=\"https:\/\/www.microsoft.com\/de-de\/industry\/blog\/wp-content\/uploads\/sites\/2\/2023\/03\/sepago_1000x1000.jpg\" alt=\"Logo sepago\" width=\"235\" height=\"235\" srcset=\"https:\/\/www.microsoft.com\/de-de\/industry\/blog\/wp-content\/uploads\/sites\/2\/2023\/03\/sepago_1000x1000.jpg 1000w, https:\/\/www.microsoft.com\/de-de\/industry\/blog\/wp-content\/uploads\/sites\/2\/2023\/03\/sepago_1000x1000-300x300.jpg 300w, https:\/\/www.microsoft.com\/de-de\/industry\/blog\/wp-content\/uploads\/sites\/2\/2023\/03\/sepago_1000x1000-150x150.jpg 150w, https:\/\/www.microsoft.com\/de-de\/industry\/blog\/wp-content\/uploads\/sites\/2\/2023\/03\/sepago_1000x1000-768x768.jpg 768w, https:\/\/www.microsoft.com\/de-de\/industry\/blog\/wp-content\/uploads\/sites\/2\/2023\/03\/sepago_1000x1000-800x800.jpg 800w, https:\/\/www.microsoft.com\/de-de\/industry\/blog\/wp-content\/uploads\/sites\/2\/2023\/03\/sepago_1000x1000-400x400.jpg 400w\" sizes=\"auto, (max-width: 235px) 100vw, 235px\" \/><\/figure>\n<p><!-- \/wp:image --><\/p>\n<p><!-- wp:paragraph --><\/p>\n<p><strong>sepago<\/strong>\u00a0ist die IT-Unternehmensberatung f\u00fcr automatisierte Anwendungsbereitstellung, Virtualisierung, Cloud-Computing, IT-Organisationsberatung und IT-Security. Wir unterst\u00fctzen Mittelstandskunden und Gro\u00dfunternehmen auf dem Weg zur digitalen Transformation. Gemeinsam sorgen wir daf\u00fcr, dass die Anwender sicher und performant den digitalen Arbeitsplatz nutzen k\u00f6nnen.<\/p>\n<p><!-- \/wp:paragraph --><\/p>\n<p><!-- wp:paragraph --><\/p>\n<p>Unsere konzeptionelle St\u00e4rke, unser betriebswirtschaftliches Know-how, unsere technische Expertise und die L\u00f6sungen unserer Partner Microsoft und Citrix bringen wir in Ihre IT-Projekte ein.<br \/>Gegr\u00fcndet 2002 in K\u00f6ln, ist das Team der sepago heute auf \u00fcber 85 Kolleg:innen mit drei Standorten in K\u00f6ln, Hamburg und M\u00fcnchen herangewachsen.<\/p>\n<p><!-- \/wp:paragraph --><\/p>\n<p><!-- wp:paragraph --><\/p>\n<p>Weitere Informationen finden Sie auf:\u00a0<a href=\"https:\/\/www.microsoft.com\/de-de\/industry\/blog\/kirche-wohlfahrt\/2023\/01\/11\/die-microsoft-ngo-tour-2023-mit-unseren-partnern\/www.sepago.de\" target=\"_blank\" rel=\"noreferrer noopener\">www.sepago.de<\/a><\/p>\n<p><!-- \/wp:paragraph --><\/p>\n<p><!-- wp:html --><\/p>\n<hr id=\"One\" \/><!-- \/wp:html --><\/p>\n<p><!-- wp:image {\"id\":61196,\"width\":234,\"height\":234,\"sizeSlug\":\"full\",\"linkDestination\":\"none\",\"className\":\"is-style-default\"} --><\/p>\n<figure class=\"wp-block-image size-full is-resized is-style-default\"><img loading=\"lazy\" decoding=\"async\" class=\"wp-image-61196\" src=\"https:\/\/www.microsoft.com\/de-de\/industry\/blog\/wp-content\/uploads\/sites\/2\/2023\/04\/softwareone_357x357-e1685700641266.jpg\" alt=\"Logo SoftwareOne\" width=\"234\" height=\"234\" srcset=\"https:\/\/www.microsoft.com\/de-de\/industry\/blog\/wp-content\/uploads\/sites\/2\/2023\/04\/softwareone_357x357-e1685700641266.jpg 250w, https:\/\/www.microsoft.com\/de-de\/industry\/blog\/wp-content\/uploads\/sites\/2\/2023\/04\/softwareone_357x357-e1685700641266-150x150.jpg 150w\" sizes=\"auto, (max-width: 234px) 100vw, 234px\" \/><\/figure>\n<p><!-- \/wp:image --><\/p>\n<p><!-- wp:paragraph --><\/p>\n<p><strong>SoftwareOne<\/strong>\u00a0ist ein f\u00fchrender Anbieter von Software- und Cloud-L\u00f6sungen. Unser Ziel ist es, die Art und Weise, wie Unternehmen ihre Cloud planen, betreiben oder dar\u00fcber beschaffen, neu zu definieren.<\/p>\n<p><!-- \/wp:paragraph --><\/p>\n<p><!-- wp:paragraph --><\/p>\n<p>Wir unterst\u00fctzen unsere Kunden bei der Migration sowie Modernisierung ihrer Workloads und Anwendungen und stehen ihnen bei der Optimierung der daraus resultierenden Software- und Cloud-\u00c4nderungen beratend zur Seite. Somit erschlie\u00dfen wir den gesamten Mehrwert der Cloud-Technologien f\u00fcr unsere Kunden.<\/p>\n<p><!-- \/wp:paragraph --><\/p>\n<p><!-- wp:paragraph --><\/p>\n<p>Weitere Informationen unter:\u00a0<a href=\"https:\/\/www.softwareone.com\/de-de\/branchen\/technologieloesungen-fuer-non-profit-organisationen\" target=\"_blank\" rel=\"noreferrer noopener\">https:\/\/www.softwareone.com\/de-de\/branchen\/technologieloesungen-fuer-non-profit-organisationen<\/a><\/p>\n<p><!-- \/wp:paragraph --><\/p>\n<p><!-- wp:html --><\/p>\n<hr id=\"synalis\" \/><!-- \/wp:html --><\/p>\n<p><!-- wp:image {\"id\":61138,\"sizeSlug\":\"full\",\"linkDestination\":\"none\",\"className\":\"is-style-default\"} --><\/p>\n<figure class=\"wp-block-image size-full is-style-default\"><img loading=\"lazy\" decoding=\"async\" width=\"250\" height=\"250\" class=\"wp-image-61138\" src=\"https:\/\/www.microsoft.com\/de-de\/industry\/blog\/wp-content\/uploads\/sites\/2\/2023\/04\/synalis_870x870-e1680603322832.jpg\" alt=\"Logo synalis\" srcset=\"https:\/\/www.microsoft.com\/de-de\/industry\/blog\/wp-content\/uploads\/sites\/2\/2023\/04\/synalis_870x870-e1680603322832.jpg 250w, https:\/\/www.microsoft.com\/de-de\/industry\/blog\/wp-content\/uploads\/sites\/2\/2023\/04\/synalis_870x870-e1680603322832-150x150.jpg 150w\" sizes=\"auto, (max-width: 250px) 100vw, 250px\" \/><\/figure>\n<p><!-- \/wp:image --><\/p>\n<p><!-- wp:paragraph --><\/p>\n<p>Die\u00a0<strong>synalis GmbH &amp; Co. KG<\/strong>\u00a0hat bis heute mehr als 40 NGOs erfolgreich betreut und gemeinsam verschiedene Projekte realisiert. Ob zu den Themen Projektfinanzierung, Wissensmanagement, IT-Sicherheit oder Informationsaustausch \u2013 wir geben Ihnen die passende digitale Unterst\u00fctzung mit auf den Weg! Sie planen den Weg in die Cloud oder sehen technischen Optimierungsbedarf in den Bereichen CRM, ERP, Modern Workplace oder Cyber Security? Dann sind Sie bei uns als NGO genau richtig!<\/p>\n<p><!-- \/wp:paragraph --><\/p>\n<p><!-- wp:paragraph --><\/p>\n<p>Wir stellen Ihnen mit dem Komplettpaket rund um Microsoft Teams, Dynamics 365 \/ Microsoft 365, Azure, SharePoint und Microsoft Power Platform eine moderne und umfassende IT-Infrastruktur zur Verf\u00fcgung und bieten einen hohen Standard f\u00fcr die Digitalisierung Ihres Unternehmens.<\/p>\n<p><!-- \/wp:paragraph --><\/p>\n<p><!-- wp:paragraph --><\/p>\n<p>Weitere Informationen finden Sie unter:\u00a0<a href=\"https:\/\/www.synalis.de\/branchen\/npo\/\" target=\"_blank\" rel=\"noreferrer noopener\">https:\/\/www.synalis.de\/branchen\/npo\/<\/a><\/p>\n<p><!-- \/wp:paragraph --><\/p>\n<p><!-- wp:html --><\/p>\n<hr id=\"Veeam\" \/><!-- \/wp:html --><\/p>\n<p><!-- wp:image {\"id\":44070,\"sizeSlug\":\"full\",\"linkDestination\":\"none\",\"className\":\"is-style-default\"} --><\/p>\n<figure class=\"wp-block-image size-full is-style-default\"><img loading=\"lazy\" decoding=\"async\" width=\"250\" height=\"250\" class=\"wp-image-44070\" src=\"https:\/\/www.microsoft.com\/de-de\/industry\/blog\/wp-content\/uploads\/sites\/2\/2021\/12\/veeam_250x250.jpg\" alt=\"Logo VEEAM\" srcset=\"https:\/\/www.microsoft.com\/de-de\/industry\/blog\/wp-content\/uploads\/sites\/2\/2021\/12\/veeam_250x250.webp 250w, https:\/\/www.microsoft.com\/de-de\/industry\/blog\/wp-content\/uploads\/sites\/2\/2021\/12\/veeam_250x250-150x150.webp 150w\" sizes=\"auto, (max-width: 250px) 100vw, 250px\" \/><\/figure>\n<p><!-- \/wp:image --><\/p>\n<p><!-- wp:paragraph --><\/p>\n<p>Immer mehr kirchliche und soziale Einrichtungen f\u00fchren digitale Arbeitsplatzl\u00f6sungen auf Basis von Microsoft 365 ein.\u00a0<strong>Veeam<\/strong>\u00a0unterst\u00fctzt bei der Cloud-Transformation und stellt sicher, dass Ihre Daten unter Einhaltung aller Vorschriften f\u00fcr Datensicherheit, Compliance und Datenschutz jederzeit verf\u00fcgbar bleiben. SLAs, zum Beispiel in der ambulanten Pflege, k\u00f6nnen somit durch Reaktions- und L\u00f6sungszeiten von wenigen Stunden zuverl\u00e4ssig eingehalten werden. Besonders kritische Anwendungen \u2013 beispielsweise im Personalwesen oder in der Pflegedokumentation \u2013 k\u00f6nnen bei einem Ausfall innerhalb von Minuten wieder zur Verf\u00fcgung gestellt werden. Nonprofit-Organisationen erhalten das professionelle Cloud-Datenmanagement von Veeam zu speziellen Konditionen.<\/p>\n<p><!-- \/wp:paragraph --><\/p>\n<p><!-- wp:paragraph --><\/p>\n<p>Veeam sch\u00fctzt weltweit \u00fcber 400.000 Kunden, darunter 82 Prozent der Fortune-500- und 69 Prozent der Global-2000-Unternehmen. Veeams globales \u00d6kosystem umfasst \u00fcber 35.000 Technologiepartner, Reseller, Service Provider und Allianz-Partner und betreibt Niederlassungen in mehr als 30 L\u00e4ndern.<\/p>\n<p><!-- \/wp:paragraph --><\/p>\n<p><!-- wp:paragraph --><\/p>\n<p>Um mehr zu erfahren, besuchen Sie bitte\u00a0<a href=\"http:\/\/www.veeam.com\/de\" target=\"_blank\" rel=\"noreferrer noopener\">www.veeam.com\/de<\/a>, oder folgen Sie Veeam auf LinkedIn\u00a0<a href=\"https:\/\/www.microsoft.com\/de-de\/industry\/blog\/uncategorized\/2019\/05\/09\/backups-to-the-cloud-why-not\/\">@veeam-software<\/a>\u00a0und Twitter\u00a0<a href=\"http:\/\/veeam_de\/\" target=\"_blank\" rel=\"noreferrer noopener\">@veeam_de<\/a>.<\/p>\n<p><!-- \/wp:paragraph --><\/p>\n<p><!-- wp:html --><\/p>\n<hr \/>\n<p><!-- \/wp:html --><\/p>","protected":false},"excerpt":{"rendered":"<p>Die Microsoft NGO-Tour 2023 mit Partnern: Eine Deutschland-Tour mit unseren Partnern f\u00fcr und mit Nonprofit-Organisationen: Praxiswissen, Networking und Begegnung.<\/p>\n","protected":false},"author":127,"featured_media":60796,"comment_status":"closed","ping_status":"open","sticky":false,"template":"","format":"standard","meta":{"ep_exclude_from_search":false,"_classifai_error":"","_classifai_text_to_speech_error":"","footnotes":""},"categories":[1272],"post_tag":[],"content-type":[283],"coauthors":[1557],"class_list":["post-60791","post","type-post","status-publish","format-standard","has-post-thumbnail","hentry","category-kirche-wohlfahrt","content-type-cloud","ms-internal-tax-hide-home-page"],"yoast_head":"<!-- This site is optimized with the Yoast SEO plugin v27.4 - https:\/\/yoast.com\/product\/yoast-seo-wordpress\/ -->\n<title>Die Microsoft NGO-Tour 2023 mit unseren Partnern - Microsoft Branchenblogs<\/title>\n<meta name=\"description\" content=\"Jetzt anmelden: Die Microsoft NGO-Tour 2023 mit unseren Partnern: Eine Deutschland-Tour f\u00fcr mehr Praxiswissen, Networking und Begegnung\" \/>\n<meta name=\"robots\" content=\"index, follow, max-snippet:-1, max-image-preview:large, max-video-preview:-1\" \/>\n<link rel=\"canonical\" href=\"https:\/\/www.microsoft.com\/de-de\/industry\/blog\/kirche-wohlfahrt\/2023\/01\/11\/die-microsoft-ngo-tour-2023-mit-unseren-partnern\/\" \/>\n<meta property=\"og:locale\" content=\"en_US\" \/>\n<meta property=\"og:type\" content=\"article\" \/>\n<meta property=\"og:title\" content=\"Microsoft NGO-Tour 2023\" \/>\n<meta property=\"og:description\" content=\"Jetzt anmelden: Die Microsoft NGO-Tour 2023 mit unseren Partnern: Eine Deutschland-Tour f\u00fcr mehr Praxiswissen, Networking und Begegnung\" \/>\n<meta property=\"og:url\" content=\"https:\/\/www.microsoft.com\/de-de\/industry\/blog\/kirche-wohlfahrt\/2023\/01\/11\/die-microsoft-ngo-tour-2023-mit-unseren-partnern\/\" \/>\n<meta property=\"og:site_name\" content=\"Microsoft Branchenblogs\" \/>\n<meta property=\"article:publisher\" content=\"https:\/\/www.facebook.com\/MicrosoftinBusinessDE\/\" \/>\n<meta property=\"article:published_time\" content=\"2023-01-11T16:30:26+00:00\" \/>\n<meta property=\"article:modified_time\" content=\"2024-02-02T13:52:34+00:00\" \/>\n<meta property=\"og:image\" content=\"https:\/\/www.microsoft.com\/de-de\/industry\/blog\/wp-content\/uploads\/sites\/2\/2023\/01\/NGO-Tour_2023.jpg\" \/>\n\t<meta property=\"og:image:width\" content=\"800\" \/>\n\t<meta property=\"og:image:height\" content=\"450\" \/>\n\t<meta property=\"og:image:type\" content=\"image\/jpeg\" \/>\n<meta name=\"author\" content=\"Volker Leitzgen\" \/>\n<meta name=\"twitter:card\" content=\"summary_large_image\" \/>\n<meta name=\"twitter:title\" content=\"Microsoft NGO-Tour 2023\" \/>\n<meta name=\"twitter:description\" content=\"Jetzt anmelden: Die Microsoft NGO-Tour 2023 mit unseren Partnern: Eine Deutschland-Tour f\u00fcr mehr Praxiswissen, Networking und Begegnung\" \/>\n<meta name=\"twitter:image\" content=\"https:\/\/www.microsoft.com\/de-de\/industry\/blog\/wp-content\/uploads\/sites\/2\/2023\/01\/NGO-Tour_2023.jpg\" \/>\n<meta name=\"twitter:creator\" content=\"@msenterprisede\" \/>\n<meta name=\"twitter:site\" content=\"@msenterprisede\" \/>\n<meta name=\"twitter:label1\" content=\"Written by\" \/>\n\t<meta name=\"twitter:data1\" content=\"Volker Leitzgen\" \/>\n\t<meta name=\"twitter:label2\" content=\"Est. reading time\" \/>\n\t<meta name=\"twitter:data2\" content=\"12 min read\" \/>\n<script type=\"application\/ld+json\" class=\"yoast-schema-graph\">{\"@context\":\"https:\\\/\\\/schema.org\",\"@graph\":[{\"@type\":\"Article\",\"@id\":\"https:\\\/\\\/www.microsoft.com\\\/de-de\\\/industry\\\/blog\\\/kirche-wohlfahrt\\\/2023\\\/01\\\/11\\\/die-microsoft-ngo-tour-2023-mit-unseren-partnern\\\/#article\",\"isPartOf\":{\"@id\":\"https:\\\/\\\/www.microsoft.com\\\/de-de\\\/industry\\\/blog\\\/kirche-wohlfahrt\\\/2023\\\/01\\\/11\\\/die-microsoft-ngo-tour-2023-mit-unseren-partnern\\\/\"},\"author\":[{\"@id\":\"https:\\\/\\\/www.microsoft.com\\\/de-de\\\/industry\\\/blog\\\/author\\\/volker-leitzgen\\\/\",\"@type\":\"Person\",\"@name\":\"Volker Leitzgen\"}],\"headline\":\"Die Microsoft NGO-Tour 2023 mit unseren Partnern\",\"datePublished\":\"2023-01-11T16:30:26+00:00\",\"dateModified\":\"2024-02-02T13:52:34+00:00\",\"mainEntityOfPage\":{\"@id\":\"https:\\\/\\\/www.microsoft.com\\\/de-de\\\/industry\\\/blog\\\/kirche-wohlfahrt\\\/2023\\\/01\\\/11\\\/die-microsoft-ngo-tour-2023-mit-unseren-partnern\\\/\"},\"wordCount\":3087,\"publisher\":{\"@id\":\"https:\\\/\\\/www.microsoft.com\\\/de-de\\\/industry\\\/blog\\\/#organization\"},\"image\":{\"@id\":\"https:\\\/\\\/www.microsoft.com\\\/de-de\\\/industry\\\/blog\\\/kirche-wohlfahrt\\\/2023\\\/01\\\/11\\\/die-microsoft-ngo-tour-2023-mit-unseren-partnern\\\/#primaryimage\"},\"thumbnailUrl\":\"https:\\\/\\\/www.microsoft.com\\\/de-de\\\/industry\\\/blog\\\/wp-content\\\/uploads\\\/sites\\\/2\\\/2023\\\/01\\\/NGO-Tour_2023.jpg\",\"articleSection\":[\"Kirche &amp; wohlfahrt\"],\"inLanguage\":\"en-US\"},{\"@type\":\"WebPage\",\"@id\":\"https:\\\/\\\/www.microsoft.com\\\/de-de\\\/industry\\\/blog\\\/kirche-wohlfahrt\\\/2023\\\/01\\\/11\\\/die-microsoft-ngo-tour-2023-mit-unseren-partnern\\\/\",\"url\":\"https:\\\/\\\/www.microsoft.com\\\/de-de\\\/industry\\\/blog\\\/kirche-wohlfahrt\\\/2023\\\/01\\\/11\\\/die-microsoft-ngo-tour-2023-mit-unseren-partnern\\\/\",\"name\":\"Die Microsoft NGO-Tour 2023 mit unseren Partnern - Microsoft Branchenblogs\",\"isPartOf\":{\"@id\":\"https:\\\/\\\/www.microsoft.com\\\/de-de\\\/industry\\\/blog\\\/#website\"},\"primaryImageOfPage\":{\"@id\":\"https:\\\/\\\/www.microsoft.com\\\/de-de\\\/industry\\\/blog\\\/kirche-wohlfahrt\\\/2023\\\/01\\\/11\\\/die-microsoft-ngo-tour-2023-mit-unseren-partnern\\\/#primaryimage\"},\"image\":{\"@id\":\"https:\\\/\\\/www.microsoft.com\\\/de-de\\\/industry\\\/blog\\\/kirche-wohlfahrt\\\/2023\\\/01\\\/11\\\/die-microsoft-ngo-tour-2023-mit-unseren-partnern\\\/#primaryimage\"},\"thumbnailUrl\":\"https:\\\/\\\/www.microsoft.com\\\/de-de\\\/industry\\\/blog\\\/wp-content\\\/uploads\\\/sites\\\/2\\\/2023\\\/01\\\/NGO-Tour_2023.jpg\",\"datePublished\":\"2023-01-11T16:30:26+00:00\",\"dateModified\":\"2024-02-02T13:52:34+00:00\",\"description\":\"Jetzt anmelden: Die Microsoft NGO-Tour 2023 mit unseren Partnern: Eine Deutschland-Tour f\u00fcr mehr Praxiswissen, Networking und Begegnung\",\"breadcrumb\":{\"@id\":\"https:\\\/\\\/www.microsoft.com\\\/de-de\\\/industry\\\/blog\\\/kirche-wohlfahrt\\\/2023\\\/01\\\/11\\\/die-microsoft-ngo-tour-2023-mit-unseren-partnern\\\/#breadcrumb\"},\"inLanguage\":\"en-US\",\"potentialAction\":[{\"@type\":\"ReadAction\",\"target\":[\"https:\\\/\\\/www.microsoft.com\\\/de-de\\\/industry\\\/blog\\\/kirche-wohlfahrt\\\/2023\\\/01\\\/11\\\/die-microsoft-ngo-tour-2023-mit-unseren-partnern\\\/\"]}]},{\"@type\":\"ImageObject\",\"inLanguage\":\"en-US\",\"@id\":\"https:\\\/\\\/www.microsoft.com\\\/de-de\\\/industry\\\/blog\\\/kirche-wohlfahrt\\\/2023\\\/01\\\/11\\\/die-microsoft-ngo-tour-2023-mit-unseren-partnern\\\/#primaryimage\",\"url\":\"https:\\\/\\\/www.microsoft.com\\\/de-de\\\/industry\\\/blog\\\/wp-content\\\/uploads\\\/sites\\\/2\\\/2023\\\/01\\\/NGO-Tour_2023.jpg\",\"contentUrl\":\"https:\\\/\\\/www.microsoft.com\\\/de-de\\\/industry\\\/blog\\\/wp-content\\\/uploads\\\/sites\\\/2\\\/2023\\\/01\\\/NGO-Tour_2023.jpg\",\"width\":800,\"height\":450,\"caption\":\"Ein Mann im Rollstuhl und eine Frau unterhalten sich\"},{\"@type\":\"BreadcrumbList\",\"@id\":\"https:\\\/\\\/www.microsoft.com\\\/de-de\\\/industry\\\/blog\\\/kirche-wohlfahrt\\\/2023\\\/01\\\/11\\\/die-microsoft-ngo-tour-2023-mit-unseren-partnern\\\/#breadcrumb\",\"itemListElement\":[{\"@type\":\"ListItem\",\"position\":1,\"name\":\"Home\",\"item\":\"https:\\\/\\\/www.microsoft.com\\\/de-de\\\/industry\\\/blog\\\/\"},{\"@type\":\"ListItem\",\"position\":2,\"name\":\"Die Microsoft NGO-Tour 2023 mit unseren Partnern\"}]},{\"@type\":\"WebSite\",\"@id\":\"https:\\\/\\\/www.microsoft.com\\\/de-de\\\/industry\\\/blog\\\/#website\",\"url\":\"https:\\\/\\\/www.microsoft.com\\\/de-de\\\/industry\\\/blog\\\/\",\"name\":\"Microsoft Branchenblogs\",\"description\":\"\",\"publisher\":{\"@id\":\"https:\\\/\\\/www.microsoft.com\\\/de-de\\\/industry\\\/blog\\\/#organization\"},\"potentialAction\":[{\"@type\":\"SearchAction\",\"target\":{\"@type\":\"EntryPoint\",\"urlTemplate\":\"https:\\\/\\\/www.microsoft.com\\\/de-de\\\/industry\\\/blog\\\/?s={search_term_string}\"},\"query-input\":{\"@type\":\"PropertyValueSpecification\",\"valueRequired\":true,\"valueName\":\"search_term_string\"}}],\"inLanguage\":\"en-US\"},{\"@type\":\"Organization\",\"@id\":\"https:\\\/\\\/www.microsoft.com\\\/de-de\\\/industry\\\/blog\\\/#organization\",\"name\":\"Microsoft Branchenblogs\",\"url\":\"https:\\\/\\\/www.microsoft.com\\\/de-de\\\/industry\\\/blog\\\/\",\"logo\":{\"@type\":\"ImageObject\",\"inLanguage\":\"en-US\",\"@id\":\"https:\\\/\\\/www.microsoft.com\\\/de-de\\\/industry\\\/blog\\\/#\\\/schema\\\/logo\\\/image\\\/\",\"url\":\"https:\\\/\\\/www.microsoft.com\\\/de-de\\\/industry\\\/blog\\\/wp-content\\\/uploads\\\/sites\\\/2\\\/2019\\\/08\\\/Microsoft-Logo.png\",\"contentUrl\":\"https:\\\/\\\/www.microsoft.com\\\/de-de\\\/industry\\\/blog\\\/wp-content\\\/uploads\\\/sites\\\/2\\\/2019\\\/08\\\/Microsoft-Logo.png\",\"width\":259,\"height\":194,\"caption\":\"Microsoft Branchenblogs\"},\"image\":{\"@id\":\"https:\\\/\\\/www.microsoft.com\\\/de-de\\\/industry\\\/blog\\\/#\\\/schema\\\/logo\\\/image\\\/\"},\"sameAs\":[\"https:\\\/\\\/www.facebook.com\\\/MicrosoftinBusinessDE\\\/\",\"https:\\\/\\\/x.com\\\/msenterprisede\",\"https:\\\/\\\/www.youtube.com\\\/user\\\/MicrosoftBusiness\"]}]}<\/script>\n<!-- \/ Yoast SEO plugin. -->","yoast_head_json":{"title":"Die Microsoft NGO-Tour 2023 mit unseren Partnern - Microsoft Branchenblogs","description":"Jetzt anmelden: Die Microsoft NGO-Tour 2023 mit unseren Partnern: Eine Deutschland-Tour f\u00fcr mehr Praxiswissen, Networking und Begegnung","robots":{"index":"index","follow":"follow","max-snippet":"max-snippet:-1","max-image-preview":"max-image-preview:large","max-video-preview":"max-video-preview:-1"},"canonical":"https:\/\/www.microsoft.com\/de-de\/industry\/blog\/kirche-wohlfahrt\/2023\/01\/11\/die-microsoft-ngo-tour-2023-mit-unseren-partnern\/","og_locale":"en_US","og_type":"article","og_title":"Microsoft NGO-Tour 2023","og_description":"Jetzt anmelden: Die Microsoft NGO-Tour 2023 mit unseren Partnern: Eine Deutschland-Tour f\u00fcr mehr Praxiswissen, Networking und Begegnung","og_url":"https:\/\/www.microsoft.com\/de-de\/industry\/blog\/kirche-wohlfahrt\/2023\/01\/11\/die-microsoft-ngo-tour-2023-mit-unseren-partnern\/","og_site_name":"Microsoft Branchenblogs","article_publisher":"https:\/\/www.facebook.com\/MicrosoftinBusinessDE\/","article_published_time":"2023-01-11T16:30:26+00:00","article_modified_time":"2024-02-02T13:52:34+00:00","og_image":[{"width":800,"height":450,"url":"https:\/\/www.microsoft.com\/de-de\/industry\/blog\/wp-content\/uploads\/sites\/2\/2023\/01\/NGO-Tour_2023.jpg","type":"image\/jpeg"}],"author":"Volker Leitzgen","twitter_card":"summary_large_image","twitter_title":"Microsoft NGO-Tour 2023","twitter_description":"Jetzt anmelden: Die Microsoft NGO-Tour 2023 mit unseren Partnern: Eine Deutschland-Tour f\u00fcr mehr Praxiswissen, Networking und Begegnung","twitter_image":"https:\/\/www.microsoft.com\/de-de\/industry\/blog\/wp-content\/uploads\/sites\/2\/2023\/01\/NGO-Tour_2023.jpg","twitter_creator":"@msenterprisede","twitter_site":"@msenterprisede","twitter_misc":{"Written by":"Volker Leitzgen","Est. reading time":"12 min read"},"schema":{"@context":"https:\/\/schema.org","@graph":[{"@type":"Article","@id":"https:\/\/www.microsoft.com\/de-de\/industry\/blog\/kirche-wohlfahrt\/2023\/01\/11\/die-microsoft-ngo-tour-2023-mit-unseren-partnern\/#article","isPartOf":{"@id":"https:\/\/www.microsoft.com\/de-de\/industry\/blog\/kirche-wohlfahrt\/2023\/01\/11\/die-microsoft-ngo-tour-2023-mit-unseren-partnern\/"},"author":[{"@id":"https:\/\/www.microsoft.com\/de-de\/industry\/blog\/author\/volker-leitzgen\/","@type":"Person","@name":"Volker Leitzgen"}],"headline":"Die Microsoft NGO-Tour 2023 mit unseren Partnern","datePublished":"2023-01-11T16:30:26+00:00","dateModified":"2024-02-02T13:52:34+00:00","mainEntityOfPage":{"@id":"https:\/\/www.microsoft.com\/de-de\/industry\/blog\/kirche-wohlfahrt\/2023\/01\/11\/die-microsoft-ngo-tour-2023-mit-unseren-partnern\/"},"wordCount":3087,"publisher":{"@id":"https:\/\/www.microsoft.com\/de-de\/industry\/blog\/#organization"},"image":{"@id":"https:\/\/www.microsoft.com\/de-de\/industry\/blog\/kirche-wohlfahrt\/2023\/01\/11\/die-microsoft-ngo-tour-2023-mit-unseren-partnern\/#primaryimage"},"thumbnailUrl":"https:\/\/www.microsoft.com\/de-de\/industry\/blog\/wp-content\/uploads\/sites\/2\/2023\/01\/NGO-Tour_2023.jpg","articleSection":["Kirche &amp; wohlfahrt"],"inLanguage":"en-US"},{"@type":"WebPage","@id":"https:\/\/www.microsoft.com\/de-de\/industry\/blog\/kirche-wohlfahrt\/2023\/01\/11\/die-microsoft-ngo-tour-2023-mit-unseren-partnern\/","url":"https:\/\/www.microsoft.com\/de-de\/industry\/blog\/kirche-wohlfahrt\/2023\/01\/11\/die-microsoft-ngo-tour-2023-mit-unseren-partnern\/","name":"Die Microsoft NGO-Tour 2023 mit unseren Partnern - Microsoft Branchenblogs","isPartOf":{"@id":"https:\/\/www.microsoft.com\/de-de\/industry\/blog\/#website"},"primaryImageOfPage":{"@id":"https:\/\/www.microsoft.com\/de-de\/industry\/blog\/kirche-wohlfahrt\/2023\/01\/11\/die-microsoft-ngo-tour-2023-mit-unseren-partnern\/#primaryimage"},"image":{"@id":"https:\/\/www.microsoft.com\/de-de\/industry\/blog\/kirche-wohlfahrt\/2023\/01\/11\/die-microsoft-ngo-tour-2023-mit-unseren-partnern\/#primaryimage"},"thumbnailUrl":"https:\/\/www.microsoft.com\/de-de\/industry\/blog\/wp-content\/uploads\/sites\/2\/2023\/01\/NGO-Tour_2023.jpg","datePublished":"2023-01-11T16:30:26+00:00","dateModified":"2024-02-02T13:52:34+00:00","description":"Jetzt anmelden: Die Microsoft NGO-Tour 2023 mit unseren Partnern: Eine Deutschland-Tour f\u00fcr mehr Praxiswissen, Networking und Begegnung","breadcrumb":{"@id":"https:\/\/www.microsoft.com\/de-de\/industry\/blog\/kirche-wohlfahrt\/2023\/01\/11\/die-microsoft-ngo-tour-2023-mit-unseren-partnern\/#breadcrumb"},"inLanguage":"en-US","potentialAction":[{"@type":"ReadAction","target":["https:\/\/www.microsoft.com\/de-de\/industry\/blog\/kirche-wohlfahrt\/2023\/01\/11\/die-microsoft-ngo-tour-2023-mit-unseren-partnern\/"]}]},{"@type":"ImageObject","inLanguage":"en-US","@id":"https:\/\/www.microsoft.com\/de-de\/industry\/blog\/kirche-wohlfahrt\/2023\/01\/11\/die-microsoft-ngo-tour-2023-mit-unseren-partnern\/#primaryimage","url":"https:\/\/www.microsoft.com\/de-de\/industry\/blog\/wp-content\/uploads\/sites\/2\/2023\/01\/NGO-Tour_2023.jpg","contentUrl":"https:\/\/www.microsoft.com\/de-de\/industry\/blog\/wp-content\/uploads\/sites\/2\/2023\/01\/NGO-Tour_2023.jpg","width":800,"height":450,"caption":"Ein Mann im Rollstuhl und eine Frau unterhalten sich"},{"@type":"BreadcrumbList","@id":"https:\/\/www.microsoft.com\/de-de\/industry\/blog\/kirche-wohlfahrt\/2023\/01\/11\/die-microsoft-ngo-tour-2023-mit-unseren-partnern\/#breadcrumb","itemListElement":[{"@type":"ListItem","position":1,"name":"Home","item":"https:\/\/www.microsoft.com\/de-de\/industry\/blog\/"},{"@type":"ListItem","position":2,"name":"Die Microsoft NGO-Tour 2023 mit unseren Partnern"}]},{"@type":"WebSite","@id":"https:\/\/www.microsoft.com\/de-de\/industry\/blog\/#website","url":"https:\/\/www.microsoft.com\/de-de\/industry\/blog\/","name":"Microsoft Branchenblogs","description":"","publisher":{"@id":"https:\/\/www.microsoft.com\/de-de\/industry\/blog\/#organization"},"potentialAction":[{"@type":"SearchAction","target":{"@type":"EntryPoint","urlTemplate":"https:\/\/www.microsoft.com\/de-de\/industry\/blog\/?s={search_term_string}"},"query-input":{"@type":"PropertyValueSpecification","valueRequired":true,"valueName":"search_term_string"}}],"inLanguage":"en-US"},{"@type":"Organization","@id":"https:\/\/www.microsoft.com\/de-de\/industry\/blog\/#organization","name":"Microsoft Branchenblogs","url":"https:\/\/www.microsoft.com\/de-de\/industry\/blog\/","logo":{"@type":"ImageObject","inLanguage":"en-US","@id":"https:\/\/www.microsoft.com\/de-de\/industry\/blog\/#\/schema\/logo\/image\/","url":"https:\/\/www.microsoft.com\/de-de\/industry\/blog\/wp-content\/uploads\/sites\/2\/2019\/08\/Microsoft-Logo.png","contentUrl":"https:\/\/www.microsoft.com\/de-de\/industry\/blog\/wp-content\/uploads\/sites\/2\/2019\/08\/Microsoft-Logo.png","width":259,"height":194,"caption":"Microsoft Branchenblogs"},"image":{"@id":"https:\/\/www.microsoft.com\/de-de\/industry\/blog\/#\/schema\/logo\/image\/"},"sameAs":["https:\/\/www.facebook.com\/MicrosoftinBusinessDE\/","https:\/\/x.com\/msenterprisede","https:\/\/www.youtube.com\/user\/MicrosoftBusiness"]}]}},"_links":{"self":[{"href":"https:\/\/www.microsoft.com\/de-de\/industry\/blog\/wp-json\/wp\/v2\/posts\/60791","targetHints":{"allow":["GET"]}}],"collection":[{"href":"https:\/\/www.microsoft.com\/de-de\/industry\/blog\/wp-json\/wp\/v2\/posts"}],"about":[{"href":"https:\/\/www.microsoft.com\/de-de\/industry\/blog\/wp-json\/wp\/v2\/types\/post"}],"author":[{"embeddable":true,"href":"https:\/\/www.microsoft.com\/de-de\/industry\/blog\/wp-json\/wp\/v2\/users\/127"}],"replies":[{"embeddable":true,"href":"https:\/\/www.microsoft.com\/de-de\/industry\/blog\/wp-json\/wp\/v2\/comments?post=60791"}],"version-history":[{"count":1,"href":"https:\/\/www.microsoft.com\/de-de\/industry\/blog\/wp-json\/wp\/v2\/posts\/60791\/revisions"}],"predecessor-version":[{"id":61660,"href":"https:\/\/www.microsoft.com\/de-de\/industry\/blog\/wp-json\/wp\/v2\/posts\/60791\/revisions\/61660"}],"wp:featuredmedia":[{"embeddable":true,"href":"https:\/\/www.microsoft.com\/de-de\/industry\/blog\/wp-json\/wp\/v2\/media\/60796"}],"wp:attachment":[{"href":"https:\/\/www.microsoft.com\/de-de\/industry\/blog\/wp-json\/wp\/v2\/media?parent=60791"}],"wp:term":[{"taxonomy":"category","embeddable":true,"href":"https:\/\/www.microsoft.com\/de-de\/industry\/blog\/wp-json\/wp\/v2\/categories?post=60791"},{"taxonomy":"post_tag","embeddable":true,"href":"https:\/\/www.microsoft.com\/de-de\/industry\/blog\/wp-json\/wp\/v2\/post_tag?post=60791"},{"taxonomy":"content-type","embeddable":true,"href":"https:\/\/www.microsoft.com\/de-de\/industry\/blog\/wp-json\/wp\/v2\/content-type?post=60791"},{"taxonomy":"author","embeddable":true,"href":"https:\/\/www.microsoft.com\/de-de\/industry\/blog\/wp-json\/wp\/v2\/coauthors?post=60791"}],"curies":[{"name":"wp","href":"https:\/\/api.w.org\/{rel}","templated":true}]}}